{"id":12662,"date":"2018-03-30T16:07:16","date_gmt":"2018-03-30T20:07:16","guid":{"rendered":"http:\/\/www.levisurbain.ca\/?p=12662"},"modified":"2018-04-03T12:46:43","modified_gmt":"2018-04-03T16:46:43","slug":"lenveloppe-pour-le-transport-collectif-rejouit-levis","status":"publish","type":"post","link":"http:\/\/www.levisurbain.ca\/?p=12662","title":{"rendered":"L&rsquo;enveloppe pour le transport collectif r\u00e9jouit L\u00e9vis"},"content":{"rendered":"<p>Article de Aude Malaret. <a href=\"http:\/\/www.journaldelevis.com\" target=\"_blank\" rel=\"noopener\">Le Journal de L\u00e9vis<\/a>.<\/p>\n<div id=\"attachment_12682\" style=\"width: 510px\" class=\"wp-caption aligncenter\"><img loading=\"lazy\" decoding=\"async\" aria-describedby=\"caption-attachment-12682\" class=\"size-full wp-image-12682\" src=\"http:\/\/www.levisurbain.ca\/wp-content\/uploads\/transport_collectif_jdlevis-30032018.jpg\" alt=\"\" width=\"500\" height=\"337\" srcset=\"http:\/\/www.levisurbain.ca\/wp-content\/uploads\/transport_collectif_jdlevis-30032018.jpg 500w, http:\/\/www.levisurbain.ca\/wp-content\/uploads\/transport_collectif_jdlevis-30032018-300x202.jpg 300w\" sizes=\"auto, (max-width: 500px) 100vw, 500px\" \/><p id=\"caption-attachment-12682\" class=\"wp-caption-text\">Cr\u00e9dit photo: Archives Le Journal de L\u00e9vis.<\/p><\/div>\n<blockquote><p><strong>\u00c0 l&rsquo;approche des \u00e9lections provinciales, le budget pr\u00e9sent\u00e9 le 27 mars par Carlos Leitao, le ministre des Finances du gouvernement Couillard, vient satisfaire certaines demandes l\u00e9visiennes, tandis que d&rsquo;autres attendent toujours.<\/strong><\/p>\n<p>Du c\u00f4t\u00e9 du maire de L\u00e9vis Gilles Lehouillier, ce budget est plus que satisfaisant, puisqu&rsquo;il r\u00e9serve une enveloppe de 87 M$ \u00e0 la Ville pour le d\u00e9veloppement de son r\u00e9seau de transport structurant, qui pr\u00e9voit notamment l&rsquo;am\u00e9nagement de voies r\u00e9serv\u00e9es sur Guillaume-Couture et une interconnexion.<\/p>\n<p>\u00ab C&rsquo;est un pas dans la bonne direction. On s&rsquo;attendait \u00e0 avoir le budget pour les \u00e9tudes, mais on a la totale. C&rsquo;est fantastique! \u00bb, s&rsquo;est r\u00e9joui le maire qui estime la question du transport collectif couverte.<\/p>\n<p>Autre motif de satisfaction, l&rsquo;interconnexion entre les deux rives, puisque le gouvernement a confi\u00e9 \u00e0 L\u00e9vis le mandat de faire les \u00e9tudes \u00e0 ce sujet. \u00ab Nous serons le ma\u00eetre d&rsquo;\u0153uvre et le coordonnateur de leur r\u00e9alisation. On va se mettre au travail dans les meilleurs d\u00e9lais et identifier les meilleures solutions pour le faire. \u00bb<\/p>\n<p><strong>Un troisi\u00e8me lien toujours attendu<\/strong><br \/>\nReste que dans le dossier du troisi\u00e8me lien, les perspectives demeurent incertaines, m\u00eame si le gouvernement se veut rassurant, indique Gilles Lehouillier. Le maire attend pour sa part qu&rsquo;une suite soit donn\u00e9e \u00e0 cet enjeu majeur pendant la campagne \u00e9lectorale.<!--more--><\/p>\n<p><a name=\"more\"><\/a>Chez les \u00e9lus caquistes Fran\u00e7ois Paradis, d\u00e9put\u00e9 de L\u00e9vis, et Marc Picard, d\u00e9put\u00e9 des Chutes-de-la Chaudi\u00e8res, la d\u00e9ception est immense. Ils assurent que leur parti est le seul \u00e0 s&rsquo;engager \u00ab concr\u00e8tement et de fa\u00e7on pr\u00e9cise sur la r\u00e9alisation d&rsquo;un troisi\u00e8me lien \u00e0 l&rsquo;est \u00bb.<\/p>\n<p>\u00ab Le gouvernement a dit qu&rsquo;il ne pensait pas que \u00e7a verrait le jour avant un bon bout de temps. Et d&rsquo;ajouter, il faudrait qu&rsquo;il y ait un consensus. Je rappelle qu&rsquo;il n&rsquo;y a jamais eu un consensus aussi fort sur un projet comme le troisi\u00e8me lien, tant par le contribuable exc\u00e9d\u00e9 de la congestion routi\u00e8re qui n&rsquo;en finit plus, que par des gens d&rsquo;affaires qui voient dans cette structure un outil de d\u00e9veloppement \u00e9conomique \u00bb, a rappel\u00e9 Fran\u00e7ois Paradis.<\/p>\n<p>Espoirs \u00e9galement d\u00e9\u00e7us \u00e0 la Chambre de commerce de L\u00e9vis, o\u00f9 l&rsquo;on constate que des sommes importantes sont pr\u00e9vues pour le transport collectif et d&rsquo;autres projets d&rsquo;infrastructures, mais \u00ab absolument rien concernant le troisi\u00e8me lien \u00bb.<\/p>\n<p>\u00ab Pour l&rsquo;instant, malgr\u00e9 un budget g\u00e9n\u00e9reux pour bon nombre de projets sur l&rsquo;ensemble de la province, nous ne sommes pas plus avanc\u00e9s qu&rsquo;en d\u00e9but de semaine \u00bb, a not\u00e9 le vice-pr\u00e9sident ex\u00e9cutif et directeur g\u00e9n\u00e9ral de la Chambre de commerce de L\u00e9vis St\u00e9phane Th\u00e9riault, dans un communiqu\u00e9.<\/p>\n<p>Dans ce budget qui brille comme \u00ab un spectacle son et lumi\u00e8re avant les prochaines \u00e9lections \u00bb, il a par ailleurs reconnu plusieurs bonnes nouvelles pour les entreprises, telles que la r\u00e9duction d&rsquo;imp\u00f4t pour les PME, le soutien au march\u00e9 de l&#8217;emploi et l&rsquo;appui \u00e0 l&rsquo;innovation.<\/p>\n<p><strong>Un budget \u00ab \u00e9lectoraliste \u00bb<\/strong><br \/>\nLes d\u00e9put\u00e9s de la CAQ ont quant \u00e0 eux d\u00e9nonc\u00e9 une man\u0153uvre \u00e9lectoraliste. \u00ab On se fout des citoyens, on a coup\u00e9 les d\u00e9penses pendant des ann\u00e9es. Cette fois, on ouvre les robinets. La bonne nouvelle, c&rsquo;est que les gens ne sont pas dupes. Il y avait une r\u00e9duction des d\u00e9penses. Dans cette ann\u00e9e \u00e9lectorale, on augmente beaucoup les d\u00e9penses et on retombe avec des coupures l&rsquo;an prochain \u00bb, a d\u00e9nonc\u00e9 Marc Picard.<\/p>\n<p>\u00ab La g\u00e9n\u00e9rosit\u00e9 d&rsquo;aujourd&rsquo;hui est le r\u00e9sultat des compressions qu&rsquo;ont subies les citoyens, a rench\u00e9ri Fran\u00e7ois Paradis. C&rsquo;est un budget de fin de r\u00e9gime et une tentative ultime pour s\u00e9duire. \u00bb<br \/>\nLes deux parlementaires ont finalement fait part de leur d\u00e9ception de ne voir aucun investissement inscrit dans le plan qu\u00e9b\u00e9cois des infrastructures pour le bloc op\u00e9ratoire de l&rsquo;H\u00f4tel-Dieu de L\u00e9vis.<\/p><\/blockquote>\n<p><a href=\"http:\/\/www.journaldelevis.com\/\" target=\"_blank\" rel=\"noopener noreferrer\"><img decoding=\"async\" src=\"http:\/\/www.levisurbain.ca\/wp-content\/uploads\/2017\/04\/jdl_logo2012.png\" alt=\"\" \/><\/a><br \/>\nReproduit avec autorisation.<\/p>\n","protected":false},"excerpt":{"rendered":"<p>Article de Aude Malaret. Le Journal de L\u00e9vis. \u00c0 l&rsquo;approche des \u00e9lections provinciales, le budget pr\u00e9sent\u00e9 le 27 mars par Carlos Leitao, le ministre des Finances du gouvernement Couillard, vient satisfaire certaines demandes l\u00e9visiennes, tandis que d&rsquo;autres attendent toujours. Du c\u00f4t\u00e9 du maire de L\u00e9vis Gilles Lehouillier, ce budget est plus que satisfaisant, puisqu&rsquo;il r\u00e9serve\u2026 <span class=\"read-more\"><a href=\"http:\/\/www.levisurbain.ca\/?p=12662\">Lire la suite &raquo;<\/a><\/span><\/p>\n","protected":false},"author":5,"featured_media":0,"comment_status":"open","ping_status":"open","sticky":false,"template":"","format":"standard","meta":{"footnotes":""},"categories":[65,60],"tags":[63,66],"class_list":["post-12662","post","type-post","status-publish","format-standard","hentry","category-gouvernement","category-transports","tag-3e-lien","tag-tramway-srb"],"_links":{"self":[{"href":"http:\/\/www.levisurbain.ca\/index.php?rest_route=\/wp\/v2\/posts\/12662","targetHints":{"allow":["GET"]}}],"collection":[{"href":"http:\/\/www.levisurbain.ca\/index.php?rest_route=\/wp\/v2\/posts"}],"about":[{"href":"http:\/\/www.levisurbain.ca\/index.php?rest_route=\/wp\/v2\/types\/post"}],"author":[{"embeddable":true,"href":"http:\/\/www.levisurbain.ca\/index.php?rest_route=\/wp\/v2\/users\/5"}],"replies":[{"embeddable":true,"href":"http:\/\/www.levisurbain.ca\/index.php?rest_route=%2Fwp%2Fv2%2Fcomments&post=12662"}],"version-history":[{"count":0,"href":"http:\/\/www.levisurbain.ca\/index.php?rest_route=\/wp\/v2\/posts\/12662\/revisions"}],"wp:attachment":[{"href":"http:\/\/www.levisurbain.ca\/index.php?rest_route=%2Fwp%2Fv2%2Fmedia&parent=12662"}],"wp:term":[{"taxonomy":"category","embeddable":true,"href":"http:\/\/www.levisurbain.ca\/index.php?rest_route=%2Fwp%2Fv2%2Fcategories&post=12662"},{"taxonomy":"post_tag","embeddable":true,"href":"http:\/\/www.levisurbain.ca\/index.php?rest_route=%2Fwp%2Fv2%2Ftags&post=12662"}],"curies":[{"name":"wp","href":"https:\/\/api.w.org\/{rel}","templated":true}]}}