{"id":12655,"date":"2018-03-30T12:59:39","date_gmt":"2018-03-30T16:59:39","guid":{"rendered":"http:\/\/www.levisurbain.ca\/?p=12655"},"modified":"2018-03-31T14:09:00","modified_gmt":"2018-03-31T18:09:00","slug":"traverse-quebec-levis-horaire-estival-en-vigueur-des-mardi","status":"publish","type":"post","link":"http:\/\/www.levisurbain.ca\/?p=12655","title":{"rendered":"Traverse Qu\u00e9bec-L\u00e9vis : horaire estival en vigueur d\u00e8s mardi"},"content":{"rendered":"<p>Article du Journal de L\u00e9vis.<\/p>\n<div id=\"attachment_12657\" style=\"width: 510px\" class=\"wp-caption aligncenter\"><img loading=\"lazy\" decoding=\"async\" aria-describedby=\"caption-attachment-12657\" class=\"size-full wp-image-12657\" src=\"http:\/\/www.levisurbain.ca\/wp-content\/uploads\/traversier_jdlevis_30032018.jpg\" alt=\"\" width=\"500\" height=\"337\" srcset=\"http:\/\/www.levisurbain.ca\/wp-content\/uploads\/traversier_jdlevis_30032018.jpg 500w, http:\/\/www.levisurbain.ca\/wp-content\/uploads\/traversier_jdlevis_30032018-300x202.jpg 300w\" sizes=\"auto, (max-width: 500px) 100vw, 500px\" \/><p id=\"caption-attachment-12657\" class=\"wp-caption-text\">Cr\u00e9dit photo: Gilles Boutin.<\/p><\/div>\n<blockquote><p><strong>La direction de la traverse Qu\u00e9bec-L\u00e9vis a annonc\u00e9, le 29 mars, que l&rsquo;horaire estival sera en vigueur \u00e0 compter du mardi 3 avril. <\/strong><\/p>\n<p>En semaine, le service d\u00e9butera \u00e0 L\u00e9vis, avec des d\u00e9parts \u00e0 6h et 6h40, et de Qu\u00e9bec, avec un d\u00e9part \u00e0 6h20. Ensuite, les travers\u00e9es seront aux 20 minutes, de 7h \u00e0 9h et de 15h \u00e0 18h.<\/p>\n<p>Pendant la journ\u00e9e, les travers\u00e9es demeurent aux 30 minutes des deux rives. En soir\u00e9e, elles demeurent \u00e0 la demie de l&rsquo;heure de Qu\u00e9bec et \u00e0 l&rsquo;heure de L\u00e9vis. L&rsquo;horaire de fin de semaine demeure inchang\u00e9.<\/p><\/blockquote>\n<p><a href=\"http:\/\/www.journaldelevis.com\/\" target=\"_blank\" rel=\"noopener noreferrer\"><img decoding=\"async\" src=\"http:\/\/www.levisurbain.ca\/wp-content\/uploads\/2017\/04\/jdl_logo2012.png\" alt=\"\" \/><\/a><br \/>\nReproduit avec autorisation.<\/p>\n","protected":false},"excerpt":{"rendered":"<p>Article du Journal de L\u00e9vis. La direction de la traverse Qu\u00e9bec-L\u00e9vis a annonc\u00e9, le 29 mars, que l&rsquo;horaire estival sera en vigueur \u00e0 compter du mardi 3 avril. En semaine, le service d\u00e9butera \u00e0 L\u00e9vis, avec des d\u00e9parts \u00e0 6h et 6h40, et de Qu\u00e9bec, avec un d\u00e9part \u00e0 6h20. Ensuite, les travers\u00e9es seront aux\u2026 <span class=\"read-more\"><a href=\"http:\/\/www.levisurbain.ca\/?p=12655\">Lire la suite &raquo;<\/a><\/span><\/p>\n","protected":false},"author":1,"featured_media":0,"comment_status":"open","ping_status":"open","sticky":false,"template":"","format":"standard","meta":{"footnotes":""},"categories":[60],"tags":[62],"class_list":["post-12655","post","type-post","status-publish","format-standard","hentry","category-transports","tag-traverse-de-levis"],"_links":{"self":[{"href":"http:\/\/www.levisurbain.ca\/index.php?rest_route=\/wp\/v2\/posts\/12655","targetHints":{"allow":["GET"]}}],"collection":[{"href":"http:\/\/www.levisurbain.ca\/index.php?rest_route=\/wp\/v2\/posts"}],"about":[{"href":"http:\/\/www.levisurbain.ca\/index.php?rest_route=\/wp\/v2\/types\/post"}],"author":[{"embeddable":true,"href":"http:\/\/www.levisurbain.ca\/index.php?rest_route=\/wp\/v2\/users\/1"}],"replies":[{"embeddable":true,"href":"http:\/\/www.levisurbain.ca\/index.php?rest_route=%2Fwp%2Fv2%2Fcomments&post=12655"}],"version-history":[{"count":0,"href":"http:\/\/www.levisurbain.ca\/index.php?rest_route=\/wp\/v2\/posts\/12655\/revisions"}],"wp:attachment":[{"href":"http:\/\/www.levisurbain.ca\/index.php?rest_route=%2Fwp%2Fv2%2Fmedia&parent=12655"}],"wp:term":[{"taxonomy":"category","embeddable":true,"href":"http:\/\/www.levisurbain.ca\/index.php?rest_route=%2Fwp%2Fv2%2Fcategories&post=12655"},{"taxonomy":"post_tag","embeddable":true,"href":"http:\/\/www.levisurbain.ca\/index.php?rest_route=%2Fwp%2Fv2%2Ftags&post=12655"}],"curies":[{"name":"wp","href":"https:\/\/api.w.org\/{rel}","templated":true}]}}