{"id":12643,"date":"2018-03-29T18:05:03","date_gmt":"2018-03-29T22:05:03","guid":{"rendered":"http:\/\/www.levisurbain.ca\/?p=12643"},"modified":"2018-03-30T15:40:39","modified_gmt":"2018-03-30T19:40:39","slug":"conservation-des-milieux-humides-levis-conteste-la-loi-132","status":"publish","type":"post","link":"http:\/\/www.levisurbain.ca\/?p=12643","title":{"rendered":"Conservation des milieux humides : L\u00e9vis conteste la loi 132"},"content":{"rendered":"<p>Article de Val\u00e9rie Maltais. <a href=\"http:\/\/www.journaldelevis.com\/fr\/\" target=\"_blank\" rel=\"noopener\">Le Journal de L\u00e9vis<\/a>.<\/p>\n<div id=\"attachment_12645\" style=\"width: 510px\" class=\"wp-caption aligncenter\"><img loading=\"lazy\" decoding=\"async\" aria-describedby=\"caption-attachment-12645\" class=\"size-full wp-image-12645\" src=\"http:\/\/www.levisurbain.ca\/wp-content\/uploads\/conseil_jdlevis_2903218.jpg\" alt=\"\" width=\"500\" height=\"336\" srcset=\"http:\/\/www.levisurbain.ca\/wp-content\/uploads\/conseil_jdlevis_2903218.jpg 500w, http:\/\/www.levisurbain.ca\/wp-content\/uploads\/conseil_jdlevis_2903218-300x202.jpg 300w\" sizes=\"auto, (max-width: 500px) 100vw, 500px\" \/><p id=\"caption-attachment-12645\" class=\"wp-caption-text\">Conseil de ville du 26 mars 2018. Cr\u00e9dit photo: Le Journal de L\u00e9vis.<\/p><\/div>\n<blockquote><p><strong>Compte tenu son impact sur le d\u00e9veloppement local, la Ville de L\u00e9vis a joint sa voix \u00e0 d&rsquo;autres municipalit\u00e9s du Qu\u00e9bec pour s&rsquo;opposer \u00e0 la loi 132, adopt\u00e9e le 16 juin 2017, concernant la conservation des milieux humides et hydriques.<\/strong><\/p>\n<p>\u00ab Cette loi a pour effet de faire passer le prix pay\u00e9 de la compensation de 4$ du m\u00e8tre carr\u00e9 \u00e0 44$ du m\u00e8tre carr\u00e9 pour la destruction de lieux en milieux humides \u00bb, a pr\u00e9cis\u00e9 Gilles Lehouillier, lors du conseil municipal du 26 mars. Par cons\u00e9quent, elle vient\u00a0freiner la r\u00e9alisation de certains projets et risque de provoquer leur \u00e9talement urbain.<\/p>\n<p>Consid\u00e9rant qu&rsquo;il s&rsquo;agit d&rsquo;une loi abusive, le maire de L\u00e9vis a fait parvenir quatre demandes au gouvernement. D&rsquo;abord, qu&rsquo;il reconnaisse les plans de gestion des milieux humides d\u00e9j\u00e0 n\u00e9goci\u00e9s par les municipalit\u00e9s avec les autorit\u00e9s environnementales. Ensuite, qu&rsquo;il introduise une exemption des frais pour les projets publics municipaux, qu&rsquo;il prenne en compte les orientations en am\u00e9nagement du territoire, selon les crit\u00e8res du d\u00e9veloppement durable, et qu&rsquo;il r\u00e9vise le co\u00fbt de compensation et l&rsquo;adapte selon la valeur \u00e9cologique du milieu d\u00e9truit, plut\u00f4t qu&rsquo;\u00e0 sa valeur marchande.<\/p>\n<p>\u00ab Il est encore temps d&rsquo;agir, a insist\u00e9 M. Lehouillier. C&rsquo;est pourquoi de nombreuses villes au Qu\u00e9bec soutiennent la position de l&rsquo;Union des municipalit\u00e9s du Qu\u00e9bec (UMQ). \u00bb<!--more--><\/p>\n<p><a name=\"more\"><\/a>Rappelons que la Ville de L\u00e9vis poss\u00e8de son propre Plan de gestions des milieux naturels depuis 2015. \u00ab On a un beau plan, dans lequel on a identifi\u00e9 les zones de conservation qu&rsquo;on n&rsquo;acceptera jamais de d\u00e9truire. Malheureusement, notre plan ne fonctionne plus. C&rsquo;est rendu trop dispendieux. \u00c7a remet en question tous nos concepts d&rsquo;am\u00e9nagement du territoire \u00bb, a soulign\u00e9 M. Lehouillier.<\/p>\n<p>Selon lui, seulement une poign\u00e9e des 250 \u00e0 300 promoteurs oeuvrant \u00e0 L\u00e9vis aura encore les moyens de payer les compensations, puisqu&rsquo;ils font du d\u00e9veloppement en hauteur. Ceux qui travaillent sur des projets avoisinant 150 \u00e0 200 unit\u00e9s d&rsquo;habitation par ann\u00e9e n&rsquo;auront plus les moyens de payer. Le maire l\u00e9visien a \u00e9galement pr\u00e9cis\u00e9 que cette loi vient en contradiction avec celle sur la protection du territoire et des activit\u00e9s agricoles, qui subiront donc des dommages collat\u00e9raux.<\/p>\n<p><strong>Demandes pour le fonds d&rsquo;immatriculation et Saint-Omer<\/strong><br \/>\nSi la Ville de L\u00e9vis a obtenu les confirmations du gouvernement du Qu\u00e9bec quant aux dossiers de transport en commun et de l&rsquo;am\u00e9nagement de la route des Rivi\u00e8res en boulevard urbain, elle a r\u00e9it\u00e9r\u00e9 ses demandes concernant deux autres dossiers connus.<\/p>\n<p>En effet,\u00a0 la municipalit\u00e9 r\u00e9clame au gouvernement de s&rsquo;engager \u00e0 compenser l&rsquo;interruption de l&rsquo;aide financi\u00e8re (depuis 2015) dans le dossier du fonds d&rsquo;immatriculation. La Soci\u00e9t\u00e9 de transport de L\u00e9vis (STL\u00e9vis) cumule d\u00e9sormais un d\u00e9ficit de 4 M$. Il sera de 5 M$ \u00e0 la fin de 2018 si aucune compensation n&rsquo;est vers\u00e9e.<\/p>\n<p>Rappelons que la moiti\u00e9 de l&rsquo;argent pay\u00e9 par les citoyens va au transport collectif de Qu\u00e9bec. \u00ab L\u00e9vis demande \u00e0 ce que le gouvernement s&rsquo;engage \u00e0 compenser la STL\u00e9vis tant et aussi longtemps qu&rsquo;un point d&rsquo;interconnexion avec le futur r\u00e9seau structurant de la Ville de Qu\u00e9bec soit pleinement op\u00e9rationnel \u00bb, indique la Ville de sa demande.<\/p>\n<p>Aussi, L\u00e9vis r\u00e9clame au gouvernement la construction d&rsquo;un viaduc sur le prolongement de Saint-Omer, au-dessus de l&rsquo;autoroute 20, et d&rsquo;arrimer ces travaux avec la fin de ceux pr\u00e9vus en 2021 par le municipal. Selon la Ville, ce viaduc bonifiera les conditions de circulation dans l&rsquo;arrondissement Desjardins, r\u00e9duira le nombre d&rsquo;accidents et facilitera l&rsquo;acc\u00e8s au centre-ville pour les travailleurs ainsi que les citoyens.<\/p>\n<p><strong>Ronam Construction \u00e9rigera le Complexe aquatique<\/strong><br \/>\nLa firme de Saint-Nicolas, Ronam Construction, a obtenu le contrat de construction du Complexe aquatique multifonctionnel de L\u00e9vis au montant de 24,174 G$. Les travaux d\u00e9buteront \u00e0 la mi-avril et se poursuivront jusqu&rsquo;\u00e0 la mi-juin 2019. L&rsquo;entrepreneur \u00e9tait le plus bas des sept soumissionnaires dans le cadre de ce projet. La Ville de L\u00e9vis avait estim\u00e9 son co\u00fbt \u00e0 un peu plus de 24,5 G$.<\/p>\n<p><strong>921 $ de d\u00e9penses en 2017<\/strong><br \/>\nLes conseillers de la Ville de L\u00e9vis ont d\u00e9pos\u00e9 leur rapport de d\u00e9penses de recherche et soutien pour l&rsquo;ann\u00e9e 2017. Un montant de 921\u00a0$ a \u00e9t\u00e9 r\u00e9clam\u00e9 alors que le budget allou\u00e9 \u00e9tait de 170\u00a0 000 $. Ces d\u00e9penses consistent en la production de feuillets paroissiaux ainsi que l&rsquo;achat de cartouches d&rsquo;encre et de cl\u00e9s USB. \u00c0 titre comparatif, le rapport s&rsquo;\u00e9levait \u00e0 2 185 $ en 2016 ainsi qu&rsquo;\u00e0 28 926 $ en 2015.<\/p>\n<p>\u00ab Bon an mal an, depuis quatre ans, on retourne pr\u00e8s de 150 000 $ \u00e0 la Ville par ann\u00e9e et on est tr\u00e8s fiers de le faire. Il n&rsquo;y a pas de petites \u00e9conomies et on a d\u00e9cid\u00e9, ensemble, de faire attention \u00e0 ce type de d\u00e9penses. Comme on a un conseil municipal assez homog\u00e8ne, on n&rsquo;a pas besoin d&rsquo;engager du personnel, par exemple, pour faire des recherches. \u00c7&rsquo;a notamment permis la r\u00e9alisation de quelques jeux d&rsquo;eau \u00bb, a fait valoir le maire de L\u00e9vis, Gilles Lehouillier.<\/p>\n<p><strong>Gratuit\u00e9 pour les accompagnateurs<\/strong><br \/>\nLe conseil municipal a adopt\u00e9 une r\u00e9solution permettant \u00e0 l&rsquo;accompagnateur d&rsquo;un usager de transport adapt\u00e9 le droit de voyager gratuitement dans un autobus de la Soci\u00e9t\u00e9 de transport de L\u00e9vis, lorsqu&rsquo;il se d\u00e9place avec un utilisateur du transport adapt\u00e9 qui acquitte son droit de transport et qui pr\u00e9sente sa carte d&rsquo;usager. Ce r\u00e8glement entrera en vigueur une quinzaine de jours apr\u00e8s sa publication dans le Journal de L\u00e9vis. \u00a0Cette r\u00e9solution avait \u00e9t\u00e9 adopt\u00e9e par la STL\u00e9vis\u00a0le 22 f\u00e9vrier, lors d&rsquo;une assembl\u00e9e extraordinaire.<\/p>\n<p><strong>20 000 $ au CDVL<\/strong><br \/>\nLa Ville de L\u00e9vis a accord\u00e9 une aide financi\u00e8re de 20 000 $ de son exc\u00e9dent de fonctionnement accumul\u00e9 non affect\u00e9 \u00e0 la Corporation de d\u00e9veloppement du Vieux-L\u00e9vis, pour le maintien de ses activit\u00e9s aupr\u00e8s de\u00a0la population, notamment l&rsquo;organisation de l&rsquo;\u00e9v\u00e9nement L\u00e9vis, Attache ta tuque\u00a0!. Un montant qui sera r\u00e9current en 2019 ainsi qu&rsquo;en 2020. Cette aide s&rsquo;ajoute \u00e0 une entente de visibilit\u00e9 en vigueur jusqu&rsquo;en 2019.<\/p>\n<p><strong>15 000 $ aux fournisseurs de Davie<\/strong><br \/>\nConform\u00e9ment \u00e0 la Politique de soutien aux projets structurants pour am\u00e9liorer les milieux de vie, une aide financi\u00e8re de 15 000 $ a \u00e9t\u00e9 accord\u00e9e \u00e0 l&rsquo;Association des fournisseurs du Chantier Davie Canada pour son projet de mobilisation et repr\u00e9sentation des fournisseurs du chantier l\u00e9visien et le maintien de ses activit\u00e9s aupr\u00e8s de\u00a0la population.<\/p><\/blockquote>\n<p><a href=\"http:\/\/www.journaldelevis.com\/\" target=\"_blank\" rel=\"noopener noreferrer\"><img decoding=\"async\" src=\"http:\/\/www.levisurbain.ca\/wp-content\/uploads\/2017\/04\/jdl_logo2012.png\" alt=\"\" \/><\/a><br \/>\nReproduit avec autorisation.<\/p>\n","protected":false},"excerpt":{"rendered":"<p>Article de Val\u00e9rie Maltais. Le Journal de L\u00e9vis. Compte tenu son impact sur le d\u00e9veloppement local, la Ville de L\u00e9vis a joint sa voix \u00e0 d&rsquo;autres municipalit\u00e9s du Qu\u00e9bec pour s&rsquo;opposer \u00e0 la loi 132, adopt\u00e9e le 16 juin 2017, concernant la conservation des milieux humides et hydriques. \u00ab Cette loi a pour effet de\u2026 <span class=\"read-more\"><a href=\"http:\/\/www.levisurbain.ca\/?p=12643\">Lire la suite &raquo;<\/a><\/span><\/p>\n","protected":false},"author":1,"featured_media":0,"comment_status":"open","ping_status":"open","sticky":false,"template":"","format":"standard","meta":{"footnotes":""},"categories":[71,65],"tags":[],"class_list":["post-12643","post","type-post","status-publish","format-standard","hentry","category-environnement","category-gouvernement"],"_links":{"self":[{"href":"http:\/\/www.levisurbain.ca\/index.php?rest_route=\/wp\/v2\/posts\/12643","targetHints":{"allow":["GET"]}}],"collection":[{"href":"http:\/\/www.levisurbain.ca\/index.php?rest_route=\/wp\/v2\/posts"}],"about":[{"href":"http:\/\/www.levisurbain.ca\/index.php?rest_route=\/wp\/v2\/types\/post"}],"author":[{"embeddable":true,"href":"http:\/\/www.levisurbain.ca\/index.php?rest_route=\/wp\/v2\/users\/1"}],"replies":[{"embeddable":true,"href":"http:\/\/www.levisurbain.ca\/index.php?rest_route=%2Fwp%2Fv2%2Fcomments&post=12643"}],"version-history":[{"count":0,"href":"http:\/\/www.levisurbain.ca\/index.php?rest_route=\/wp\/v2\/posts\/12643\/revisions"}],"wp:attachment":[{"href":"http:\/\/www.levisurbain.ca\/index.php?rest_route=%2Fwp%2Fv2%2Fmedia&parent=12643"}],"wp:term":[{"taxonomy":"category","embeddable":true,"href":"http:\/\/www.levisurbain.ca\/index.php?rest_route=%2Fwp%2Fv2%2Fcategories&post=12643"},{"taxonomy":"post_tag","embeddable":true,"href":"http:\/\/www.levisurbain.ca\/index.php?rest_route=%2Fwp%2Fv2%2Ftags&post=12643"}],"curies":[{"name":"wp","href":"https:\/\/api.w.org\/{rel}","templated":true}]}}