{"id":12625,"date":"2018-03-26T20:57:10","date_gmt":"2018-03-27T00:57:10","guid":{"rendered":"http:\/\/www.levisurbain.ca\/?p=12625"},"modified":"2018-03-26T20:57:10","modified_gmt":"2018-03-27T00:57:10","slug":"tramway-lehouiller-tend-a-nouveau-la-main-a-labeaume","status":"publish","type":"post","link":"http:\/\/www.levisurbain.ca\/?p=12625","title":{"rendered":"Tramway : Lehouiller tend \u00e0 nouveau la main \u00e0 Labeaume"},"content":{"rendered":"<p>Article de Jean-Fran\u00e7ois Racine. <a href=\"http:\/\/www.journaldequebec.com\" rel=\"noopener\" target=\"_blank\">Le Journal de Qu\u00e9bec<\/a>.<\/p>\n<blockquote><p><strong>Le maire de L\u00e9vis r\u00e9p\u00e8te que R\u00e9gis Labeaume devra comprendre le message : il n\u2019y aura pas de tramway \u00e0 Qu\u00e9bec sans interconnexion avec la Rive-Sud.<\/strong><\/p>\n<p>Ce point semblait r\u00e9gl\u00e9 mais Gilles Lehouillier n\u2019aime pas l\u2019id\u00e9e de voir les deux villes travailler en parall\u00e8le.<\/p><\/blockquote>\n<p>=> La suite sur <a href=\"http:\/\/www.journaldequebec.com\/2018\/03\/26\/tramway-lehouiller-tend-a-nouveau-la-main-a-labeaume\" rel=\"noopener\" target=\"_blank\">lejournaldequebec.com<\/a>.<\/p>\n","protected":false},"excerpt":{"rendered":"<p>Article de Jean-Fran\u00e7ois Racine. Le Journal de Qu\u00e9bec. Le maire de L\u00e9vis r\u00e9p\u00e8te que R\u00e9gis Labeaume devra comprendre le message : il n\u2019y aura pas de tramway \u00e0 Qu\u00e9bec sans interconnexion avec la Rive-Sud. Ce point semblait r\u00e9gl\u00e9 mais Gilles Lehouillier n\u2019aime pas l\u2019id\u00e9e de voir les deux villes travailler en parall\u00e8le. => La suite\u2026 <span class=\"read-more\"><a href=\"http:\/\/www.levisurbain.ca\/?p=12625\">Lire la suite &raquo;<\/a><\/span><\/p>\n","protected":false},"author":5,"featured_media":0,"comment_status":"open","ping_status":"open","sticky":false,"template":"","format":"standard","meta":{"footnotes":""},"categories":[65,60],"tags":[66],"class_list":["post-12625","post","type-post","status-publish","format-standard","hentry","category-gouvernement","category-transports","tag-tramway-srb"],"_links":{"self":[{"href":"http:\/\/www.levisurbain.ca\/index.php?rest_route=\/wp\/v2\/posts\/12625","targetHints":{"allow":["GET"]}}],"collection":[{"href":"http:\/\/www.levisurbain.ca\/index.php?rest_route=\/wp\/v2\/posts"}],"about":[{"href":"http:\/\/www.levisurbain.ca\/index.php?rest_route=\/wp\/v2\/types\/post"}],"author":[{"embeddable":true,"href":"http:\/\/www.levisurbain.ca\/index.php?rest_route=\/wp\/v2\/users\/5"}],"replies":[{"embeddable":true,"href":"http:\/\/www.levisurbain.ca\/index.php?rest_route=%2Fwp%2Fv2%2Fcomments&post=12625"}],"version-history":[{"count":0,"href":"http:\/\/www.levisurbain.ca\/index.php?rest_route=\/wp\/v2\/posts\/12625\/revisions"}],"wp:attachment":[{"href":"http:\/\/www.levisurbain.ca\/index.php?rest_route=%2Fwp%2Fv2%2Fmedia&parent=12625"}],"wp:term":[{"taxonomy":"category","embeddable":true,"href":"http:\/\/www.levisurbain.ca\/index.php?rest_route=%2Fwp%2Fv2%2Fcategories&post=12625"},{"taxonomy":"post_tag","embeddable":true,"href":"http:\/\/www.levisurbain.ca\/index.php?rest_route=%2Fwp%2Fv2%2Ftags&post=12625"}],"curies":[{"name":"wp","href":"https:\/\/api.w.org\/{rel}","templated":true}]}}