{"id":12608,"date":"2018-03-23T12:06:19","date_gmt":"2018-03-23T16:06:19","guid":{"rendered":"http:\/\/www.levisurbain.ca\/?p=12608"},"modified":"2018-03-23T12:22:29","modified_gmt":"2018-03-23T16:22:29","slug":"89-millions-pour-le-transport-en-commun-a-levis","status":"publish","type":"post","link":"http:\/\/www.levisurbain.ca\/?p=12608","title":{"rendered":"89 millions $ pour le transport en commun \u00e0 L\u00e9vis"},"content":{"rendered":"<p>Article de Jean-Fra\u00e7ois N\u00e9ron. <a href=\"https:\/\/www.lesoleil.com\" target=\"_blank\" rel=\"noopener\">Le Soleil<\/a>.<\/p>\n<blockquote><p><strong>Le gouvernement du Qu\u00e9bec verse 89 millions $ \u00e0 la Ville de L\u00e9vis pour l&rsquo;implantation de voies r\u00e9serv\u00e9es sur le boulevard Guillaume-Couture et une \u00e9tude sur l&rsquo;interconnexion avec Qu\u00e9bec.<\/strong><\/p>\n<p>L&rsquo;annonce a \u00e9t\u00e9 faite vendredi par le ministre Pierre Arcand, pr\u00e9sident du Conseil du tr\u00e9sor, au si\u00e8ge social de la Soci\u00e9t\u00e9 de transport de L\u00e9vis. Une premi\u00e8re somme de 8 millions $ est rendue disponible pour l&rsquo;\u00e9laboration du plan d&rsquo;affaires.<\/p>\n<p>Cette offre bonifi\u00e9e depuis la pr\u00e9sentation en mars 2017 du plan de mobilit\u00e9 de la Ville de L\u00e9vis permettra \u00abde d\u00e9terminer la meilleure option pour assurer la fluidit\u00e9 entre les deux rives\u00bb.<\/p><\/blockquote>\n<p>=> La suite sur <a href=\"https:\/\/www.lesoleil.com\/actualite\/la-capitale\/89-millions--pour-le-transport-en-commun-a-levis-ecb2dbae4baae925d28262fff1ebbac9\" rel=\"noopener\" target=\"_blank\">lesoleil.com<\/a>.<\/p>\n","protected":false},"excerpt":{"rendered":"<p>Article de Jean-Fra\u00e7ois N\u00e9ron. Le Soleil. Le gouvernement du Qu\u00e9bec verse 89 millions $ \u00e0 la Ville de L\u00e9vis pour l&rsquo;implantation de voies r\u00e9serv\u00e9es sur le boulevard Guillaume-Couture et une \u00e9tude sur l&rsquo;interconnexion avec Qu\u00e9bec. L&rsquo;annonce a \u00e9t\u00e9 faite vendredi par le ministre Pierre Arcand, pr\u00e9sident du Conseil du tr\u00e9sor, au si\u00e8ge social de la\u2026 <span class=\"read-more\"><a href=\"http:\/\/www.levisurbain.ca\/?p=12608\">Lire la suite &raquo;<\/a><\/span><\/p>\n","protected":false},"author":1,"featured_media":0,"comment_status":"open","ping_status":"open","sticky":false,"template":"","format":"standard","meta":{"footnotes":""},"categories":[65,60],"tags":[64],"class_list":["post-12608","post","type-post","status-publish","format-standard","hentry","category-gouvernement","category-transports","tag-stlevis"],"_links":{"self":[{"href":"http:\/\/www.levisurbain.ca\/index.php?rest_route=\/wp\/v2\/posts\/12608","targetHints":{"allow":["GET"]}}],"collection":[{"href":"http:\/\/www.levisurbain.ca\/index.php?rest_route=\/wp\/v2\/posts"}],"about":[{"href":"http:\/\/www.levisurbain.ca\/index.php?rest_route=\/wp\/v2\/types\/post"}],"author":[{"embeddable":true,"href":"http:\/\/www.levisurbain.ca\/index.php?rest_route=\/wp\/v2\/users\/1"}],"replies":[{"embeddable":true,"href":"http:\/\/www.levisurbain.ca\/index.php?rest_route=%2Fwp%2Fv2%2Fcomments&post=12608"}],"version-history":[{"count":0,"href":"http:\/\/www.levisurbain.ca\/index.php?rest_route=\/wp\/v2\/posts\/12608\/revisions"}],"wp:attachment":[{"href":"http:\/\/www.levisurbain.ca\/index.php?rest_route=%2Fwp%2Fv2%2Fmedia&parent=12608"}],"wp:term":[{"taxonomy":"category","embeddable":true,"href":"http:\/\/www.levisurbain.ca\/index.php?rest_route=%2Fwp%2Fv2%2Fcategories&post=12608"},{"taxonomy":"post_tag","embeddable":true,"href":"http:\/\/www.levisurbain.ca\/index.php?rest_route=%2Fwp%2Fv2%2Ftags&post=12608"}],"curies":[{"name":"wp","href":"https:\/\/api.w.org\/{rel}","templated":true}]}}