{"id":12538,"date":"2018-03-19T22:41:58","date_gmt":"2018-03-20T03:41:58","guid":{"rendered":"http:\/\/www.levisurbain.ca\/?p=12538"},"modified":"2018-03-19T22:43:34","modified_gmt":"2018-03-20T03:43:34","slug":"tramway-a-quebec-levis-depose-officiellement-ses-demandes","status":"publish","type":"post","link":"http:\/\/www.levisurbain.ca\/?p=12538","title":{"rendered":"Tramway \u00e0 Qu\u00e9bec : L\u00e9vis d\u00e9pose officiellement ses demandes"},"content":{"rendered":"<p>Article de \u00c9rick Deschenes. <a href=\"http:\/\/www.journaldelevis.com\" rel=\"noopener\" target=\"_blank\">Le Journal de L\u00e9vis<\/a>.<\/p>\n<blockquote><p><strong>Quelques jours apr\u00e8s le d\u00e9voilement du projet de tramway \u00e0 Qu\u00e9bec dont ne fait pas partie la Rive-Sud, le conseil municipal de L\u00e9vis a adopt\u00e9, en s\u00e9ance extraordinaire, une r\u00e9solution pour d\u00e9voiler officiellement ses demandes au gouvernement du Qu\u00e9bec. Entre autres, la Ville esp\u00e8re assurer le leadership de l\u2019interconnexion entre les r\u00e9seaux de transport collectif de L\u00e9vis et de Qu\u00e9bec, \u00e9l\u00e9ment absent jusqu\u2019\u00e0 maintenant du projet de tramway.<\/strong><\/p>\n<p>Plaidant notamment que la congestion routi\u00e8re affecte quotidiennement la qualit\u00e9 de vie des L\u00e9visiens et rappelant que la municipalit\u00e9 a d\u00e9pos\u00e9 en juin son projet de transport collectif structurant, les \u00e9chevins ont demand\u00e9 trois choses au gouvernement provincial, gr\u00e2ce \u00e0 leur r\u00e9solution. <\/p>\n<p>D\u2019abord, les conseillers r\u00e9clament que Qu\u00e9bec confirme le financement du projet de transport collectif structurant de la Ville de L\u00e9vis et des \u00e9tudes reli\u00e9es. La premi\u00e8re phase de ce plan, misant sur des voies r\u00e9serv\u00e9es, l\u2019ajout et la synchronisation des feux de circulation ainsi que l\u2019optimisation des stations d\u2019arr\u00eat, co\u00fbterait pr\u00e8s de 80 M$.<!--more--><\/p>\n<p><a name=\"more\"><\/a>Notons que les investissements n\u00e9cessaires pour transformer la route des Rivi\u00e8res (116) en boulevard urbain, d\u00e9sir\u00e9 par la Ville de L\u00e9vis dans le cadre du projet, ne sont pas inclus dans cette somme.<\/p>\n<p><strong>Priorit\u00e9 : interconnexion<\/strong><br \/>\nEnsuite, ils d\u00e9sirent que le gouvernement provincial confie \u00e0 la municipalit\u00e9 le leadership pour la r\u00e9alisation des \u00e9tudes sur l\u2019interconnexion entre le r\u00e9seau de tramway et celui de la Soci\u00e9t\u00e9 de transport de L\u00e9vis (STL\u00e9vis). Enfin, le conseil municipal veut s\u2019assurer que la Ville aura l\u2019acc\u00e8s \u00e0 l\u2019ensemble des \u00e9tudes d\u00e9j\u00e0 r\u00e9alis\u00e9es ou en cours sur cette possibilit\u00e9 d\u2019interconnexion.<\/p>\n<p>\u00ab Nous avons toujours dit qu\u2019il \u00e9tait essentiel d\u2019inclure l\u2019interconnexion entre les deux rives \u00e0 un projet de transport collectif structurant majeur pour la r\u00e9gion. C\u2019est pourquoi nous demandons maintenant au gouvernement du Qu\u00e9bec de s\u2019engager \u00e0 financer les \u00e9tudes n\u00e9cessaires pour assurer l\u2019interconnexion entre les deux rives \u00bb, a ajout\u00e9 le maire de L\u00e9vis, Gilles Lehouillier, tout en chiffrant cette demande \u00e0 plusieurs millions de dollars.<\/p>\n<p>De plus, le premier citoyen a rappel\u00e9 qu\u2019il s\u2019attendait \u00e0 ce que le gouvernement provincial et le gouvernement f\u00e9d\u00e9ral financent en entier le projet de transport collectif structurant, comme ils l\u2019ont fait pour Qu\u00e9bec.<\/p>\n<p>\u00ab Pour la premi\u00e8re phase, notre projet est chiffr\u00e9. Nous nous attendons \u00e0 ce que le gouvernement du Qu\u00e9bec nous indique clairement dans les prochaines semaines, si possible, que le transport collectif \u00e0 L\u00e9vis soit financ\u00e9 \u00e0 100 %. [\u2026] Il faut dire qu\u2019en dehors de Qu\u00e9bec, il y a d\u2019autres villes qui existent \u00bb, a soutenu M. Lehouillier.<\/p>\n<p><strong>Ouverture du gouvernement<\/strong><br \/>\nBon prince, le maire de L\u00e9vis a toutefois confirm\u00e9 que le gouvernement provincial avait tendu l\u2019oreille aux demandes de la ville. D\u2019ailleurs, selon Le Soleil, le premier magistrat a d\u00e9j\u00e0 re\u00e7u un \u00e9cho plus que favorable. En effet, le quotidien de Qu\u00e9bec a d\u00e9voil\u00e9 lundi que le premier magistrat a obtenu, mercredi dernier, des garanties de la part du pr\u00e9sident du Conseil du Tr\u00e9sor, Pierre Arcand.<\/p>\n<p>Le ministre lib\u00e9ral a accept\u00e9 les demandes de la Ville de L\u00e9vis visant \u00e0 financer les \u00e9tudes et les am\u00e9liorations \u00e0 son r\u00e9seau de transport en commun. M\u00eame que la subvention a \u00e9t\u00e9 bonifi\u00e9e pour identifier la meilleure interconnexion avec le r\u00e9seau de tramway de Qu\u00e9bec. Mais malgr\u00e9 ces bonnes nouvelles, Gilles Lehouillier refuse de s\u2019emballer.<\/p>\n<p>\u00ab Dans le prochain budget provincial, nous voulons qu\u2019un chiffre apparaisse [\u2026] Pourquoi la sortie aujourd\u2019hui ? Souvenez-vous de l\u2019\u00e9pisode du viaduc de Saint-R\u00e9dempteur. Jusqu\u2019\u00e0 la derni\u00e8re minute, pas juste des d\u00e9put\u00e9s, des ministres m\u2019ont dit que nous allions avoir notre 10 M$. Au moment o\u00f9 l\u2019on se parle, je n\u2019ai aucune confirmation alors que R\u00e9gis Labeaume (maire de Qu\u00e9bec) a en poche 3 G$. C\u2019est \u00e7a la diff\u00e9rence. C\u2019est parfait, mais annoncez-le rapidement \u00bb, a conclu Gilles Lehouillier<\/p><\/blockquote>\n<p><a href=\"http:\/\/www.journaldelevis.com\/\" target=\"_blank\" rel=\"noopener noreferrer\"><img decoding=\"async\" src=\"http:\/\/www.levisurbain.ca\/wp-content\/uploads\/2017\/04\/jdl_logo2012.png\" alt=\"\" \/><\/a><br \/>\nReproduit avec autorisation.<\/p>\n","protected":false},"excerpt":{"rendered":"<p>Article de \u00c9rick Deschenes. Le Journal de L\u00e9vis. Quelques jours apr\u00e8s le d\u00e9voilement du projet de tramway \u00e0 Qu\u00e9bec dont ne fait pas partie la Rive-Sud, le conseil municipal de L\u00e9vis a adopt\u00e9, en s\u00e9ance extraordinaire, une r\u00e9solution pour d\u00e9voiler officiellement ses demandes au gouvernement du Qu\u00e9bec. Entre autres, la Ville esp\u00e8re assurer le leadership\u2026 <span class=\"read-more\"><a href=\"http:\/\/www.levisurbain.ca\/?p=12538\">Lire la suite &raquo;<\/a><\/span><\/p>\n","protected":false},"author":5,"featured_media":0,"comment_status":"open","ping_status":"open","sticky":false,"template":"","format":"standard","meta":{"footnotes":""},"categories":[65,60],"tags":[64,66],"class_list":["post-12538","post","type-post","status-publish","format-standard","hentry","category-gouvernement","category-transports","tag-stlevis","tag-tramway-srb"],"_links":{"self":[{"href":"http:\/\/www.levisurbain.ca\/index.php?rest_route=\/wp\/v2\/posts\/12538","targetHints":{"allow":["GET"]}}],"collection":[{"href":"http:\/\/www.levisurbain.ca\/index.php?rest_route=\/wp\/v2\/posts"}],"about":[{"href":"http:\/\/www.levisurbain.ca\/index.php?rest_route=\/wp\/v2\/types\/post"}],"author":[{"embeddable":true,"href":"http:\/\/www.levisurbain.ca\/index.php?rest_route=\/wp\/v2\/users\/5"}],"replies":[{"embeddable":true,"href":"http:\/\/www.levisurbain.ca\/index.php?rest_route=%2Fwp%2Fv2%2Fcomments&post=12538"}],"version-history":[{"count":0,"href":"http:\/\/www.levisurbain.ca\/index.php?rest_route=\/wp\/v2\/posts\/12538\/revisions"}],"wp:attachment":[{"href":"http:\/\/www.levisurbain.ca\/index.php?rest_route=%2Fwp%2Fv2%2Fmedia&parent=12538"}],"wp:term":[{"taxonomy":"category","embeddable":true,"href":"http:\/\/www.levisurbain.ca\/index.php?rest_route=%2Fwp%2Fv2%2Fcategories&post=12538"},{"taxonomy":"post_tag","embeddable":true,"href":"http:\/\/www.levisurbain.ca\/index.php?rest_route=%2Fwp%2Fv2%2Ftags&post=12538"}],"curies":[{"name":"wp","href":"https:\/\/api.w.org\/{rel}","templated":true}]}}