{"id":12513,"date":"2018-03-13T11:32:01","date_gmt":"2018-03-13T16:32:01","guid":{"rendered":"http:\/\/www.levisurbain.ca\/?p=12513"},"modified":"2018-03-13T11:32:01","modified_gmt":"2018-03-13T16:32:01","slug":"programmation-routiere-2018-2020-poursuite-de-travaux-et-etude-dopportunite-au-menu","status":"publish","type":"post","link":"http:\/\/www.levisurbain.ca\/?p=12513","title":{"rendered":"Programmation routi\u00e8re 2018-2020 : poursuite de travaux et \u00e9tude d\u2019opportunit\u00e9 au menu"},"content":{"rendered":"<p>Article de Val\u00e9rie Maltais. <a href=\"http:\/\/www.journaldelevis.com\/\" rel=\"noopener\" target=\"_blank\">Le Journal de L\u00e9vis<\/a>.<\/p>\n<blockquote><p>La poursuite des travaux d&rsquo;entretien sur le pont Pierre-Laporte, la derni\u00e8re phase du r\u00e9am\u00e9nagement de la route 277 ainsi que l&rsquo;\u00e9tude d&rsquo;opportunit\u00e9 sur la transformation des routes 116 et 132 en boulevard urbain sont au nombre des projets inscrits dans la programmation routi\u00e8re 2018-2020 du gouvernement du Qu\u00e9bec en Chaudi\u00e8re-Appalaches.<\/p>\n<p>Annonc\u00e9e le 12 mars \u00e0 Saint-Anselme, en pr\u00e9sence de V\u00e9ronyque Tremblay, ministre d\u00e9l\u00e9gu\u00e9e aux Transports, et Dominique Vien, d\u00e9put\u00e9e de Bellechasse et ministre responsable de la r\u00e9gion, cette programmation permettra la r\u00e9alisation de 218 chantiers pour des investissements \u00e0 hauteur de 318 M$.<\/p>\n<p>La deuxi\u00e8me phase des travaux de r\u00e9paration, de m\u00e9tallisation et de peinture de la charpente du pont Pierre-Laporte sera r\u00e9alis\u00e9e. Ce projet, pr\u00e9vu sur cinq ans et n&rsquo;impactera pas les usagers de la route.<\/p>\n<p>\u00ab Cela permettra de remettre \u00e0 niveau le rev\u00eatement de protection des \u00e9l\u00e9ments en acier du tablier et ainsi d&rsquo;assurer la p\u00e9rennit\u00e9 de ce pont, situ\u00e9 dans un secteur n\u00e9vralgique de la r\u00e9gion \u00bb, a expliqu\u00e9 le gouvernement en conf\u00e9rence de presse, concernant ce projet estim\u00e9 entre 10 M$ et 25 M$. <\/p>\n<p><strong>\u00c9largissement de la route 277<\/strong><br \/>\nDans la m\u00eame fourchette d&rsquo;investissement, les travaux d&rsquo;\u00e9largissement de la chauss\u00e9e de la route 277 se poursuivront de la rue Gilles-Audet, \u00e0 Saint-Anselme, jusqu&rsquo;au chemin du Trait-Carr\u00e9, \u00e0 Saint-Henri. Cette intervention a pour objectif de r\u00e9duire le risque ou la gravit\u00e9 des accidents de la route dans ce secteur. Ainsi, la planification des travaux sur quatre voies, annonc\u00e9s l&rsquo;ann\u00e9e derni\u00e8re, poursuit son cours.<\/p>\n<p>Toutefois, l&rsquo;absence d&rsquo;\u00e9clairage demeure une pr\u00e9occupation pour les maires de Bellechasse. \u00ab Nous en avons encore discut\u00e9, ce matin, avec les gens du minist\u00e8re. On verra comment on s&rsquo;ajustera dans ce dossier, mais on a bien re\u00e7u les demandes et on en prend bonne note \u00bb, a soulign\u00e9 Mme Vien, ajoutant que dans un horizon de 2019-2020, ces travaux devraient \u00eatre ex\u00e9cut\u00e9s.<!--more--><\/p>\n<p><a name=\"more\"><\/a><strong>\u00c9tude d&rsquo;opportunit\u00e9 pour la 116<\/strong><br \/>\nQu\u00e9bec a finalement r\u00e9pondu \u00e0 la demande du maire de L\u00e9vis, Gilles Lehouillier, quant au r\u00e9am\u00e9nagement de la route des Rivi\u00e8res (route 116) en boulevard urbain, \u00e0 Saint-Nicolas. Une \u00e9tude d&rsquo;opportunit\u00e9 sera lanc\u00e9e en 2018, mais aucun \u00e9ch\u00e9ancier n&rsquo;a \u00e9t\u00e9 d\u00e9termin\u00e9 pour le d\u00e9but de cette \u00e9tude, tout comme pour la date du lancement de l&rsquo;appel d&rsquo;offres. Toutefois, les \u00e9lues estiment que l&rsquo;exercice prendra un an \u00e0 r\u00e9aliser. <\/p>\n<p>Selon elles, les analyses d\u00e9j\u00e0 effectu\u00e9es par la Ville de L\u00e9vis serviront de base \u00e0 cette \u00e9tude, qui sera concentr\u00e9e de l&rsquo;autoroute 20 jusqu&rsquo;au pont d&rsquo;\u00e9tagement du CN. Une portion du boulevard Guillaume-Couture (route 132) sera donc incluse dans le trajet cibl\u00e9. L&rsquo;\u00e9tude permettra d&rsquo;\u00e9valuer les possibilit\u00e9s visant \u00e0 am\u00e9liorer la s\u00e9curit\u00e9 et la fluidit\u00e9 de la circulation.<\/p>\n<p><strong>Autres projets<\/strong><\/p>\n<p>Travaux d&rsquo;asphaltage <\/p>\n<p>\u2022 Autoroute 20 Ouest :<br \/>\n&#8211; de la rivi\u00e8re Etchemin \u00e0 la rivi\u00e8re Chaudi\u00e8re (vers le pont Pierre-Laporte);<br \/>\n&#8211; de la rivi\u00e8re Etchemin au kilom\u00e8tre 326;<br \/>\n&#8211; du kilom\u00e8tre 332 au kilom\u00e8tre 326.<\/p>\n<p>\u2022 Autoroute 73 :<br \/>\n&#8211; du nord du rang de la Grande-Ligne \u00e0 Saint-Lambert-de-Lauzon.<\/p>\n<p>R\u00e9fection de la chauss\u00e9e<\/p>\n<p>\u2022 Route 173 :<br \/>\n&#8211; entre la rue Aubert et le boulevard Wilfrid-Carrier.<\/p><\/blockquote>\n<p><a href=\"http:\/\/www.journaldelevis.com\/\" target=\"_blank\" rel=\"noopener noreferrer\"><img decoding=\"async\" src=\"http:\/\/www.levisurbain.ca\/wp-content\/uploads\/2017\/04\/jdl_logo2012.png\" alt=\"\" \/><\/a><br \/>\nReproduit avec autorisation.<\/p>\n","protected":false},"excerpt":{"rendered":"<p>Article de Val\u00e9rie Maltais. Le Journal de L\u00e9vis. La poursuite des travaux d&rsquo;entretien sur le pont Pierre-Laporte, la derni\u00e8re phase du r\u00e9am\u00e9nagement de la route 277 ainsi que l&rsquo;\u00e9tude d&rsquo;opportunit\u00e9 sur la transformation des routes 116 et 132 en boulevard urbain sont au nombre des projets inscrits dans la programmation routi\u00e8re 2018-2020 du gouvernement du\u2026 <span class=\"read-more\"><a href=\"http:\/\/www.levisurbain.ca\/?p=12513\">Lire la suite &raquo;<\/a><\/span><\/p>\n","protected":false},"author":5,"featured_media":0,"comment_status":"open","ping_status":"open","sticky":false,"template":"","format":"standard","meta":{"footnotes":""},"categories":[65,60],"tags":[],"class_list":["post-12513","post","type-post","status-publish","format-standard","hentry","category-gouvernement","category-transports"],"_links":{"self":[{"href":"http:\/\/www.levisurbain.ca\/index.php?rest_route=\/wp\/v2\/posts\/12513","targetHints":{"allow":["GET"]}}],"collection":[{"href":"http:\/\/www.levisurbain.ca\/index.php?rest_route=\/wp\/v2\/posts"}],"about":[{"href":"http:\/\/www.levisurbain.ca\/index.php?rest_route=\/wp\/v2\/types\/post"}],"author":[{"embeddable":true,"href":"http:\/\/www.levisurbain.ca\/index.php?rest_route=\/wp\/v2\/users\/5"}],"replies":[{"embeddable":true,"href":"http:\/\/www.levisurbain.ca\/index.php?rest_route=%2Fwp%2Fv2%2Fcomments&post=12513"}],"version-history":[{"count":0,"href":"http:\/\/www.levisurbain.ca\/index.php?rest_route=\/wp\/v2\/posts\/12513\/revisions"}],"wp:attachment":[{"href":"http:\/\/www.levisurbain.ca\/index.php?rest_route=%2Fwp%2Fv2%2Fmedia&parent=12513"}],"wp:term":[{"taxonomy":"category","embeddable":true,"href":"http:\/\/www.levisurbain.ca\/index.php?rest_route=%2Fwp%2Fv2%2Fcategories&post=12513"},{"taxonomy":"post_tag","embeddable":true,"href":"http:\/\/www.levisurbain.ca\/index.php?rest_route=%2Fwp%2Fv2%2Ftags&post=12513"}],"curies":[{"name":"wp","href":"https:\/\/api.w.org\/{rel}","templated":true}]}}