{"id":12243,"date":"2018-02-08T16:58:46","date_gmt":"2018-02-08T21:58:46","guid":{"rendered":"http:\/\/www.levisurbain.ca\/?p=12243"},"modified":"2018-02-13T21:27:55","modified_gmt":"2018-02-14T02:27:55","slug":"un-salon-du-vin-se-prepare-a-levis","status":"publish","type":"post","link":"http:\/\/www.levisurbain.ca\/?p=12243","title":{"rendered":"Un salon du vin se pr\u00e9pare \u00e0 L\u00e9vis"},"content":{"rendered":"<p>Article de \u00c9rick Desch\u00eanes. <a href=\"http:\/\/www.journaldelevis.com\/fr\/\" target=\"_blank\" rel=\"noopener\">Le Journal de L\u00e9vis<\/a>.<\/p>\n<blockquote><p><img loading=\"lazy\" decoding=\"async\" class=\"aligncenter size-full wp-image-12247\" src=\"http:\/\/www.levisurbain.ca\/wp-content\/uploads\/vin_jdlevis-08022018.jpg\" alt=\"\" width=\"475\" height=\"475\" srcset=\"http:\/\/www.levisurbain.ca\/wp-content\/uploads\/vin_jdlevis-08022018.jpg 475w, http:\/\/www.levisurbain.ca\/wp-content\/uploads\/vin_jdlevis-08022018-150x150.jpg 150w, http:\/\/www.levisurbain.ca\/wp-content\/uploads\/vin_jdlevis-08022018-300x300.jpg 300w\" sizes=\"auto, (max-width: 475px) 100vw, 475px\" \/><\/p>\n<p><strong>Apr\u00e8s les amateurs de bi\u00e8re, les passionn\u00e9s de vin auront maintenant droit \u00e0 leur \u00e9v\u00e9nement sur la Rive-Sud. En effet, la premi\u00e8re \u00e9dition du Salon du vin de L\u00e9vis aura lieu au Complexe 2 Glaces Honco de Saint-Romuald, du 8 au 10 juin prochain.<\/strong><\/p>\n<p>\u00ab Il n&rsquo;y a pas de salon de cette envergure \u00e0 L\u00e9vis. Un \u00e9v\u00e9nement touchant le monde des vins sur la Rive-Sud, il n&rsquo;y en a pas. On veut aussi aller chercher les gens d&rsquo;ailleurs en Chaudi\u00e8re-Appalaches. On veut donner l&rsquo;opportunit\u00e9 aux citoyens d&rsquo;ici d&rsquo;avoir un \u00e9v\u00e9nement\u00a0 \u00e0 eux \u00bb, a expliqu\u00e9 Carl Michaud, le promoteur derri\u00e8re le Salon, concernant l&rsquo;origine de l&rsquo;activit\u00e9.<\/p>\n<p>Et pour sa premi\u00e8re \u00e9dition, l&rsquo;\u00e9v\u00e9nement proposera une programmation costaude. Au moment d&rsquo;\u00e9crire ces lignes, ce sont plus de 80 exposants qui pr\u00e9voient \u00eatre pr\u00e9sents. De plus, des conf\u00e9rences et des ateliers auront lieu pour permettre aux visiteurs d&rsquo;en apprendre davantage sur le vin. Notons que plusieurs animateurs de ces espaces seront des producteurs europ\u00e9ens.<!--more--><\/p>\n<p><a name=\"more\"><\/a>\u00c9galement, des cocktails d\u00eenatoires, un souper VIP et une soir\u00e9e dansante seront propos\u00e9s comme activit\u00e9s de rassemblement, qui permettront notamment auxparticipants d&rsquo;en apprendre davantage sur les accords mets et vins.<\/p>\n<p>Mais contrairement \u00e0 d&rsquo;autres \u00e9v\u00e9nements du genre qui ciblent les grands connaisseurs, le Salon du vin de L\u00e9vis se veut une activit\u00e9 ouverte autant aux n\u00e9ophytes qu&rsquo;aux experts.<\/p>\n<p>\u00ab Nous sommes en train de travailler avec l&rsquo;\u00c9cole de sommellerie de Qu\u00e9bec pour faire des tours guid\u00e9s. Un sommelier \u00e9tudiant va prendre 10 personnes et va faire le tour du Salon avec eux pour les diriger et r\u00e9pondre \u00e0 leurs questions. [&#8230;]En mettant des sommeliers \u00e9tudiants, \u00e7a permet aux gens de poser des questions plus niaiseuses qu&rsquo;ils auraient peur de poser \u00e0 un expert. Je veux un peu d\u00e9mocratiser le truc \u00bb, a cit\u00e9 en exemple M. Michaud.<\/p>\n<p><strong>Un \u00e9v\u00e9nement caritatif<\/strong><br \/>\nEn plus de permettre aux gens de la r\u00e9gion d&rsquo;en d\u00e9couvrir davantage sur cette boisson alcoolis\u00e9e, le Salon du vin de L\u00e9vis viendra en aide \u00e0 des organismes. Une partie des profits sera remise \u00e0 des Clubs Lions de la r\u00e9gion.<\/p>\n<p>\u00ab On essaie de redynamiser les Clubs et donner de la visibilit\u00e9 aux Lions. On aimerait rajeunir nos effectifs. En faisant une activit\u00e9 comme le Salon du vin, \u00e7a atteint ces objectifs. Si on ne rend pas \u00e7a cool, c&rsquo;est dur d&rsquo;attirer des jeunes. Qu&rsquo;est-ce qui fait que c&rsquo;est cool, c&rsquo;est d&rsquo;organiser des \u00e9v\u00e9nements comme le Salon \u00bb, a partag\u00e9 Carl Michaud, lui-m\u00eame un Lion.<\/p>\n<p>D&rsquo;ailleurs, s&rsquo;il organise la premi\u00e8re \u00e9dition avec son entreprise, Carl Michaud aimerait bien que l&rsquo;\u00e9v\u00e9nement revienne dans les prochaines ann\u00e9es et que l&rsquo;organisation du Salon soit \u00e9ventuellement pilot\u00e9e par les Lions.<\/p>\n<p>\u00ab \u00c0 un moment donn\u00e9, j&rsquo;aimerais laisser \u00e7a aux organisations Lions qui vont participer. J&rsquo;aimerais que le Salon devienne un happening dans la r\u00e9gion qui revienne chaque ann\u00e9e et que dans 5 ou 10 ans, que l&rsquo;\u00e9v\u00e9nement soit donn\u00e9 aux Lions et qu&rsquo;ils s&rsquo;en occupent, pour qu&rsquo;il y ait une certaine p\u00e9rennit\u00e9 \u00e0 tout \u00e7a \u00bb, a indiqu\u00e9 M. Michaud.<\/p>\n<p>Les personnes int\u00e9ress\u00e9es \u00e0 en apprendre davantage sur la programmation du Salon du vin de L\u00e9vis peuvent consulter le\u00a0<a href=\"https:\/\/www.salonduvindelevis.com\" target=\"_blank\" rel=\"noopener\">www.salonduvindelevis.com<\/a>.<\/p><\/blockquote>\n<p><a href=\"http:\/\/www.journaldelevis.com\/\" target=\"_blank\" rel=\"noopener noreferrer\"><img decoding=\"async\" src=\"http:\/\/www.levisurbain.ca\/wp-content\/uploads\/2017\/04\/jdl_logo2012.png\" alt=\"\" \/><\/a><br \/>\nReproduit avec autorisation.<\/p>\n","protected":false},"excerpt":{"rendered":"<p>Article de \u00c9rick Desch\u00eanes. Le Journal de L\u00e9vis. Apr\u00e8s les amateurs de bi\u00e8re, les passionn\u00e9s de vin auront maintenant droit \u00e0 leur \u00e9v\u00e9nement sur la Rive-Sud. En effet, la premi\u00e8re \u00e9dition du Salon du vin de L\u00e9vis aura lieu au Complexe 2 Glaces Honco de Saint-Romuald, du 8 au 10 juin prochain. \u00ab Il n&rsquo;y\u2026 <span class=\"read-more\"><a href=\"http:\/\/www.levisurbain.ca\/?p=12243\">Lire la suite &raquo;<\/a><\/span><\/p>\n","protected":false},"author":1,"featured_media":0,"comment_status":"open","ping_status":"open","sticky":false,"template":"","format":"standard","meta":{"footnotes":""},"categories":[57],"tags":[],"class_list":["post-12243","post","type-post","status-publish","format-standard","hentry","category-sports-arts-loisirs"],"_links":{"self":[{"href":"http:\/\/www.levisurbain.ca\/index.php?rest_route=\/wp\/v2\/posts\/12243","targetHints":{"allow":["GET"]}}],"collection":[{"href":"http:\/\/www.levisurbain.ca\/index.php?rest_route=\/wp\/v2\/posts"}],"about":[{"href":"http:\/\/www.levisurbain.ca\/index.php?rest_route=\/wp\/v2\/types\/post"}],"author":[{"embeddable":true,"href":"http:\/\/www.levisurbain.ca\/index.php?rest_route=\/wp\/v2\/users\/1"}],"replies":[{"embeddable":true,"href":"http:\/\/www.levisurbain.ca\/index.php?rest_route=%2Fwp%2Fv2%2Fcomments&post=12243"}],"version-history":[{"count":0,"href":"http:\/\/www.levisurbain.ca\/index.php?rest_route=\/wp\/v2\/posts\/12243\/revisions"}],"wp:attachment":[{"href":"http:\/\/www.levisurbain.ca\/index.php?rest_route=%2Fwp%2Fv2%2Fmedia&parent=12243"}],"wp:term":[{"taxonomy":"category","embeddable":true,"href":"http:\/\/www.levisurbain.ca\/index.php?rest_route=%2Fwp%2Fv2%2Fcategories&post=12243"},{"taxonomy":"post_tag","embeddable":true,"href":"http:\/\/www.levisurbain.ca\/index.php?rest_route=%2Fwp%2Fv2%2Ftags&post=12243"}],"curies":[{"name":"wp","href":"https:\/\/api.w.org\/{rel}","templated":true}]}}