{"id":11758,"date":"2017-11-09T23:18:02","date_gmt":"2017-11-10T04:18:02","guid":{"rendered":"http:\/\/www.levisurbain.ca\/?p=11758"},"modified":"2018-02-13T23:48:26","modified_gmt":"2018-02-14T04:48:26","slug":"quebec-signale-que-le-projet-de-3e-lien-avance-et-demeure-une-priorite","status":"publish","type":"post","link":"http:\/\/www.levisurbain.ca\/?p=11758","title":{"rendered":"Qu\u00e9bec signale que le projet de 3e lien avance et demeure \u00ab une priorit\u00e9 \u00bb"},"content":{"rendered":"<p>Article de Marc-Andr\u00e9 Grondin. <a href=\"http:\/\/www.journaldequebec.com\" rel=\"noopener\" target=\"_blank\">Le Journal de Qu\u00e9bec<\/a>.<\/p>\n<blockquote><p><strong>Malgr\u00e9 les divergences de vues entre les maires de Qu\u00e9bec et L\u00e9vis, le gouvernement Couillard r\u00e9it\u00e8re que le projet de troisi\u00e8me lien avance et demeure \u00ab une priorit\u00e9 \u00bb.<\/strong><\/p>\n<p>R\u00e9\u00e9lu avec 92 % de voix, le maire de L\u00e9vis, Gilles Lehouillier, consid\u00e8re maintenant qu\u2019il dispose d\u2019un mandat fort pour promouvoir le projet de troisi\u00e8me lien entre les deux rives du Saint-Laurent.<\/p><\/blockquote>\n<p>=> La suite sur <a href=\"http:\/\/www.journaldequebec.com\/2017\/11\/09\/quebec-signale-que-le-projet-de-3e-lien-avance-et-demeure-une-priorite\" rel=\"noopener\" target=\"_blank\">journaldequebec.com<\/a>.<\/p>\n","protected":false},"excerpt":{"rendered":"<p>Article de Marc-Andr\u00e9 Grondin. Le Journal de Qu\u00e9bec. Malgr\u00e9 les divergences de vues entre les maires de Qu\u00e9bec et L\u00e9vis, le gouvernement Couillard r\u00e9it\u00e8re que le projet de troisi\u00e8me lien avance et demeure \u00ab une priorit\u00e9 \u00bb. R\u00e9\u00e9lu avec 92 % de voix, le maire de L\u00e9vis, Gilles Lehouillier, consid\u00e8re maintenant qu\u2019il dispose d\u2019un mandat\u2026 <span class=\"read-more\"><a href=\"http:\/\/www.levisurbain.ca\/?p=11758\">Lire la suite &raquo;<\/a><\/span><\/p>\n","protected":false},"author":5,"featured_media":0,"comment_status":"open","ping_status":"open","sticky":false,"template":"","format":"standard","meta":{"footnotes":""},"categories":[65,1,60],"tags":[63],"class_list":["post-11758","post","type-post","status-publish","format-standard","hentry","category-gouvernement","category-non-classe","category-transports","tag-3e-lien"],"_links":{"self":[{"href":"http:\/\/www.levisurbain.ca\/index.php?rest_route=\/wp\/v2\/posts\/11758","targetHints":{"allow":["GET"]}}],"collection":[{"href":"http:\/\/www.levisurbain.ca\/index.php?rest_route=\/wp\/v2\/posts"}],"about":[{"href":"http:\/\/www.levisurbain.ca\/index.php?rest_route=\/wp\/v2\/types\/post"}],"author":[{"embeddable":true,"href":"http:\/\/www.levisurbain.ca\/index.php?rest_route=\/wp\/v2\/users\/5"}],"replies":[{"embeddable":true,"href":"http:\/\/www.levisurbain.ca\/index.php?rest_route=%2Fwp%2Fv2%2Fcomments&post=11758"}],"version-history":[{"count":0,"href":"http:\/\/www.levisurbain.ca\/index.php?rest_route=\/wp\/v2\/posts\/11758\/revisions"}],"wp:attachment":[{"href":"http:\/\/www.levisurbain.ca\/index.php?rest_route=%2Fwp%2Fv2%2Fmedia&parent=11758"}],"wp:term":[{"taxonomy":"category","embeddable":true,"href":"http:\/\/www.levisurbain.ca\/index.php?rest_route=%2Fwp%2Fv2%2Fcategories&post=11758"},{"taxonomy":"post_tag","embeddable":true,"href":"http:\/\/www.levisurbain.ca\/index.php?rest_route=%2Fwp%2Fv2%2Ftags&post=11758"}],"curies":[{"name":"wp","href":"https:\/\/api.w.org\/{rel}","templated":true}]}}