{"id":11437,"date":"2017-09-06T11:47:43","date_gmt":"2017-09-06T16:47:43","guid":{"rendered":"http:\/\/www.levisurbain.ca\/?p=11437"},"modified":"2018-02-14T12:32:17","modified_gmt":"2018-02-14T17:32:17","slug":"un-pavillon-daccueil-fondu-dans-la-nature","status":"publish","type":"post","link":"http:\/\/www.levisurbain.ca\/?p=11437","title":{"rendered":"Un pavillon d&rsquo;accueil fondu dans la nature"},"content":{"rendered":"<p>Article de Val\u00e9rie Maltais. <a href=\"http:\/\/www.journaldelevis.com\/\" target=\"_blank\" rel=\"noopener\">Le Journal de L\u00e9vis<\/a>.<\/p>\n<blockquote><p><strong>Les travaux de construction du pavillon d&rsquo;accueil du Parc r\u00e9gional de la Pointe-De la Martini\u00e8re commenceront cet automne, tels les plans d\u00e9voil\u00e9s le 5 septembre par la Ville de L\u00e9vis. Son concept offre lumi\u00e8re, espace et puret\u00e9, dans le respect de la nature et de l&rsquo;environnement.<\/strong><\/p>\n<p>Apr\u00e8s les 370 000 $ investis pour l&rsquo;am\u00e9nagement de la piste multifonctionnelle en 2016, la municipalit\u00e9 entreprendra la deuxi\u00e8me phase du d\u00e9veloppement de ce parc de conservation de 125 hectares. Ce projet n\u00e9cessite un budget approximatif de 1,6 M$ et s&rsquo;inscrit dans la Trame verte et bleu m\u00e9tropolitaine. <\/p>\n<p>Ainsi, le pavillon d&rsquo;accueil couvrira 100 m\u00e8tres carr\u00e9s et offrira un espace sanitaire, une salle polyvalente pouvant accueillir une trentaine de personnes et un toit-terrasse v\u00e9g\u00e9talis\u00e9. Une fenestration sur trois c\u00f4t\u00e9s permettra une vue panoramique sur le parc et, au loin, la pointe ouest de l&rsquo;\u00cele d&rsquo;Orl\u00e9ans. <\/p>\n<p><strong>Sortie de terre<\/strong><br \/>\nLe d\u00e9nivel\u00e9 du terrain vient donner l&rsquo;impression que le b\u00e2timent sort de terre et permet son int\u00e9gration \u00e0 l&rsquo;espace, sans bloquer la vue aux citoyens des r\u00e9sidences avoisinantes. \u00ab L&rsquo;\u00e9tape franchie aujourd&rsquo;hui nous permettra de dynamiser respectueusement ce site pour que tous les gens de L\u00e9vis et des environs puissent d\u00e9couvrir sa beaut\u00e9 exceptionnelle \u00bb, a affirm\u00e9 Fleur Paradis, conseill\u00e8re municipale du secteur Lauzon.<!--more--><\/p>\n<p><a name=\"more\"><\/a>Le minist\u00e8re des Affaires municipales et de l&rsquo;occupation du territoire (MAMOT) et la Communaut\u00e9 m\u00e9tropolitaine de Qu\u00e9bec (CMQ) octroient respectivement 374 000 $ et 187 000 $ au projet. L&rsquo;appel d&rsquo;offres est en cours jusqu&rsquo;au 15 septembre et les travaux seront achev\u00e9s au courant de l&rsquo;hiver 2018. <\/p>\n<p><strong>Vision globale<\/strong><br \/>\nLe maire de L\u00e9vis Gilles Lehouillier rappelle que cet am\u00e9nagement est un morceau d&rsquo;un grand ensemble, visant le d\u00e9veloppement de 10 grands parcs urbains et l&rsquo;interconnexion de son r\u00e9seau cyclable. \u00ab Trente ans apr\u00e8s avoir d\u00e9clar\u00e9 zone de conservation l&rsquo;ensemble de la bordure fluviale, incluant ce parc, (\u2026) nous d\u00e9voilons un concept qui r\u00e9pondra aux besoins des nombreux usagers et qui bonifiera ce lieu, significatif pour la Pointe de Lauzon \u00bb, a-t-il fait valoir.<\/p>\n<p>D&rsquo;ailleurs, la Ville a profit\u00e9 de son point de presse pour annoncer qu&rsquo;un nouveau lien cyclable sera compl\u00e9t\u00e9 d&rsquo;ici la fin du mois, permettant de relier le quartier Lallemand au parcours des Anses. Cette portion cyclable facilitera l&rsquo;acc\u00e8s \u00e0 la Pointe-De la Martini\u00e8re ainsi qu&rsquo;\u00e0 la passerelle Harlaka. <\/p>\n<p>Aussi, une premi\u00e8re aire d&rsquo;entra\u00eenement ext\u00e9rieur sera am\u00e9nag\u00e9e dans un parc avant la fin de l&rsquo;ann\u00e9e, soit au Parc des Chutes-de-la-Chaudi\u00e8re. Tr\u00e8s tendance, ces \u00e9quipements seront disponibles en tout temps \u00e0 la population, de fa\u00e7on s\u00e9curitaire et gratuitement.<\/p><\/blockquote>\n<p><a href=\"http:\/\/www.journaldelevis.com\/\" target=\"_blank\" rel=\"noopener noreferrer\"><img decoding=\"async\" src=\"http:\/\/www.levisurbain.ca\/wp-content\/uploads\/2017\/04\/jdl_logo2012.png\" alt=\"\" \/><\/a><br \/>\nReproduit avec autorisation.<\/p>\n","protected":false},"excerpt":{"rendered":"<p>Article de Val\u00e9rie Maltais. Le Journal de L\u00e9vis. Les travaux de construction du pavillon d&rsquo;accueil du Parc r\u00e9gional de la Pointe-De la Martini\u00e8re commenceront cet automne, tels les plans d\u00e9voil\u00e9s le 5 septembre par la Ville de L\u00e9vis. Son concept offre lumi\u00e8re, espace et puret\u00e9, dans le respect de la nature et de l&rsquo;environnement. Apr\u00e8s\u2026 <span class=\"read-more\"><a href=\"http:\/\/www.levisurbain.ca\/?p=11437\">Lire la suite &raquo;<\/a><\/span><\/p>\n","protected":false},"author":5,"featured_media":0,"comment_status":"open","ping_status":"open","sticky":false,"template":"","format":"standard","meta":{"footnotes":""},"categories":[65,57],"tags":[],"class_list":["post-11437","post","type-post","status-publish","format-standard","hentry","category-gouvernement","category-sports-arts-loisirs"],"_links":{"self":[{"href":"http:\/\/www.levisurbain.ca\/index.php?rest_route=\/wp\/v2\/posts\/11437","targetHints":{"allow":["GET"]}}],"collection":[{"href":"http:\/\/www.levisurbain.ca\/index.php?rest_route=\/wp\/v2\/posts"}],"about":[{"href":"http:\/\/www.levisurbain.ca\/index.php?rest_route=\/wp\/v2\/types\/post"}],"author":[{"embeddable":true,"href":"http:\/\/www.levisurbain.ca\/index.php?rest_route=\/wp\/v2\/users\/5"}],"replies":[{"embeddable":true,"href":"http:\/\/www.levisurbain.ca\/index.php?rest_route=%2Fwp%2Fv2%2Fcomments&post=11437"}],"version-history":[{"count":0,"href":"http:\/\/www.levisurbain.ca\/index.php?rest_route=\/wp\/v2\/posts\/11437\/revisions"}],"wp:attachment":[{"href":"http:\/\/www.levisurbain.ca\/index.php?rest_route=%2Fwp%2Fv2%2Fmedia&parent=11437"}],"wp:term":[{"taxonomy":"category","embeddable":true,"href":"http:\/\/www.levisurbain.ca\/index.php?rest_route=%2Fwp%2Fv2%2Fcategories&post=11437"},{"taxonomy":"post_tag","embeddable":true,"href":"http:\/\/www.levisurbain.ca\/index.php?rest_route=%2Fwp%2Fv2%2Ftags&post=11437"}],"curies":[{"name":"wp","href":"https:\/\/api.w.org\/{rel}","templated":true}]}}