{"id":11422,"date":"2017-08-29T11:11:45","date_gmt":"2017-08-29T16:11:45","guid":{"rendered":"http:\/\/www.levisurbain.ca\/?p=11422"},"modified":"2018-02-14T12:33:20","modified_gmt":"2018-02-14T17:33:20","slug":"29-aout-1907-le-jour-ou-le-pont-de-quebec-sest-ecroule","status":"publish","type":"post","link":"http:\/\/www.levisurbain.ca\/?p=11422","title":{"rendered":"29 ao\u00fbt 1907 : le jour o\u00f9 le pont de Qu\u00e9bec s\u2019est \u00e9croul\u00e9"},"content":{"rendered":"<p>Article de Ta\u00efeb Moalla. <a href=\"http:\/\/www.journaldequebec.com\" target=\"_blank\">Le Journal de Qu\u00e9bec<\/a>.<\/p>\n<blockquote><p><strong>Il y a 110 ans, Qu\u00e9bec vivait une des plus grandes catastrophes de son histoire : la structure sud du pont de Qu\u00e9bec s\u2019\u00e9croulait entra\u00eenant 76 ouvriers dans la mort et plongeant la r\u00e9gion dans un m\u00e9lange de stupeur et de tristesse.<\/strong><\/p>\n<p>Cette terrible journ\u00e9e du 29 ao\u00fbt 1907 est racont\u00e9e de long en large par l\u2019historien et sp\u00e9cialiste du pont Michel L\u2019H\u00e9breux dans le livre qu\u2019il a consacr\u00e9 \u00e0 cette exceptionnelle structure.<\/p><\/blockquote>\n<p>=> La suite sur <a href=\"http:\/\/www.journaldequebec.com\/2017\/08\/28\/le-jour-ou-le-pont-de-quebec-sest-ecroule\" target=\"_blank\">journaldequebec.com<\/a>.<\/p>\n","protected":false},"excerpt":{"rendered":"<p>Article de Ta\u00efeb Moalla. Le Journal de Qu\u00e9bec. Il y a 110 ans, Qu\u00e9bec vivait une des plus grandes catastrophes de son histoire : la structure sud du pont de Qu\u00e9bec s\u2019\u00e9croulait entra\u00eenant 76 ouvriers dans la mort et plongeant la r\u00e9gion dans un m\u00e9lange de stupeur et de tristesse. Cette terrible journ\u00e9e du 29\u2026 <span class=\"read-more\"><a href=\"http:\/\/www.levisurbain.ca\/?p=11422\">Lire la suite &raquo;<\/a><\/span><\/p>\n","protected":false},"author":5,"featured_media":0,"comment_status":"open","ping_status":"open","sticky":false,"template":"","format":"standard","meta":{"footnotes":""},"categories":[68,60],"tags":[73],"class_list":["post-11422","post","type-post","status-publish","format-standard","hentry","category-patrimoine","category-transports","tag-pont-de-quebec"],"_links":{"self":[{"href":"http:\/\/www.levisurbain.ca\/index.php?rest_route=\/wp\/v2\/posts\/11422","targetHints":{"allow":["GET"]}}],"collection":[{"href":"http:\/\/www.levisurbain.ca\/index.php?rest_route=\/wp\/v2\/posts"}],"about":[{"href":"http:\/\/www.levisurbain.ca\/index.php?rest_route=\/wp\/v2\/types\/post"}],"author":[{"embeddable":true,"href":"http:\/\/www.levisurbain.ca\/index.php?rest_route=\/wp\/v2\/users\/5"}],"replies":[{"embeddable":true,"href":"http:\/\/www.levisurbain.ca\/index.php?rest_route=%2Fwp%2Fv2%2Fcomments&post=11422"}],"version-history":[{"count":0,"href":"http:\/\/www.levisurbain.ca\/index.php?rest_route=\/wp\/v2\/posts\/11422\/revisions"}],"wp:attachment":[{"href":"http:\/\/www.levisurbain.ca\/index.php?rest_route=%2Fwp%2Fv2%2Fmedia&parent=11422"}],"wp:term":[{"taxonomy":"category","embeddable":true,"href":"http:\/\/www.levisurbain.ca\/index.php?rest_route=%2Fwp%2Fv2%2Fcategories&post=11422"},{"taxonomy":"post_tag","embeddable":true,"href":"http:\/\/www.levisurbain.ca\/index.php?rest_route=%2Fwp%2Fv2%2Ftags&post=11422"}],"curies":[{"name":"wp","href":"https:\/\/api.w.org\/{rel}","templated":true}]}}