{"id":11413,"date":"2017-08-27T04:52:51","date_gmt":"2017-08-27T09:52:51","guid":{"rendered":"http:\/\/www.levisurbain.ca\/?p=11413"},"modified":"2017-08-27T05:30:26","modified_gmt":"2017-08-27T10:30:26","slug":"levis-ne-sera-plus-du-marathon","status":"publish","type":"post","link":"http:\/\/www.levisurbain.ca\/?p=11413","title":{"rendered":"L\u00e9vis ne sera plus du marathon"},"content":{"rendered":"<p>Article de Vincent Breton. <a href=\"http:\/\/www.lepeuplelevis.ca\" target=\"_blank\" rel=\"noopener\">Le Peuple L\u00e9vis.<\/a><\/p>\n<blockquote><div id=\"attachment_11414\" style=\"width: 485px\" class=\"wp-caption aligncenter\"><img loading=\"lazy\" decoding=\"async\" aria-describedby=\"caption-attachment-11414\" class=\"size-full wp-image-11414\" src=\"http:\/\/www.levisurbain.ca\/wp-content\/uploads\/marathonssq_peuplelevis_27082017.jpg\" alt=\"\" width=\"475\" height=\"320\" srcset=\"http:\/\/www.levisurbain.ca\/wp-content\/uploads\/marathonssq_peuplelevis_27082017.jpg 475w, http:\/\/www.levisurbain.ca\/wp-content\/uploads\/marathonssq_peuplelevis_27082017-300x202.jpg 300w\" sizes=\"auto, (max-width: 475px) 100vw, 475px\" \/><p id=\"caption-attachment-11414\" class=\"wp-caption-text\">Plus de 8000 personnes sont attendues cette fin de semaine pour le dernier d\u00e9part du Marathon SSQ \u00e0 partir de L\u00e9vis. \u00a0\u00a0\u00a9Photo TC Media \u2013 Archives<\/p><\/div>\n<p><strong>\u00c0 compter de l\u2019an prochain, la portion l\u00e9visienne du Marathon SSQ sera exclue du parcours, qui se concentrera uniquement dans les quartiers de Qu\u00e9bec.<\/strong><\/p>\n<p>La Corporation \u00c9v\u00e9nements Course de Qu\u00e9bec et son producteur Gestev ont fait cette annonce cette semaine en point de presse. \u00abEn ce 20<sup>e<\/sup> anniversaire, nous c\u00e9l\u00e9brons une derni\u00e8re fois le superbe parcours qui a fait traverser des milliers de coureurs d\u2019une rive \u00e0 l\u2019autre du fleuve depuis 1998 et l\u2019an 2018 sera le d\u00e9but d\u2019une nouvelle et belle aventure 100% Qu\u00e9bec\u00bb, a soulign\u00e9 Chantal Lachance, vice-pr\u00e9sidente marketing et op\u00e9rations chez Gestev.<\/p>\n<p><em> \u00ab Qui sait? Un jour peut-\u00eatre, nous aurons notre propre marathon!\u00bb Gilles Lehouillier, maire de L\u00e9vis <\/em><\/p>\n<p>Cette derni\u00e8re a fait savoir que de nombreux coureurs ont exprim\u00e9 la volont\u00e9 de partir et d\u2019arriver relativement au m\u00eame endroit. C\u2019est en partie ce qui a motiv\u00e9 les organisateurs \u00e0 produire leur \u00e9v\u00e8nement uniquement sur la Rive-Nord. Le but des organisateurs du Marathon est de cr\u00e9er un \u00e9v\u00e9nement de destination \u00e0 Qu\u00e9bec, \u00e0 l\u2019instar de San Francisco, en Californie.<\/p>\n<p>Cela marque donc la fin d\u2019une \u00e9poque pour L\u00e9vis, qui a vu tous les d\u00e9parts des 20 derni\u00e8res ann\u00e9es se tenir sur son sol. Ce sont des milliers de coureurs qui sont pass\u00e9s, au fil des ans, devant le Centre des congr\u00e8s et d\u2019expositions de L\u00e9vis et le long du fleuve par le Parcours des Anses.<br \/>\n<!--more--><\/p>\n<p>Pour pallier ce changement, Gestev a aussi annonc\u00e9 que le Demi-marathon Oasis de L\u00e9vis sera am\u00e9lior\u00e9. Cette \u00e9preuve est notamment un rendez-vous pour les athl\u00e8tes qui veulent se d\u00e9marquer sur la sc\u00e8ne internationale. Quelque 3000 athl\u00e8tes y participent chaque ann\u00e9e.<\/p>\n<p><strong>Pincement au c\u0153ur<\/strong><br \/>\nM\u00eame s\u2019il comprend qu\u2019il s\u2019agit essentiellement d\u2019une d\u00e9cision d\u2019affaires, le maire de L\u00e9vis, Gilles Lehouillier avoue qu\u2019il a eu un l\u00e9ger pincement au c\u0153ur en apprenant l\u2019abandon de la portion l\u00e9visienne du Marathon SSQ.<\/p>\n<p>\u00abLe marathon des deux rives exigeait une double organisation, une sur chaque rive. C\u2019est une d\u00e9cision d\u2019affaires et on la respecte. Mais apr\u00e8s 20 ans, c\u2019est quand m\u00eame une belle symbolique qui dispara\u00eet. \u00c7a m\u2019a fait un petit pincement, je ne le cache pas, mais il faut \u00e9voluer\u00bb, a r\u00e9agi le maire.<\/p><\/blockquote>\n<p><a href=\"http:\/\/www.lepeuplelevis.ca\" target=\"_blank\" rel=\"noopener noreferrer\"><img loading=\"lazy\" decoding=\"async\" src=\"http:\/\/www.levisurbain.ca\/wp-content\/uploads\/2017\/04\/peuple-levis_2015.jpg\" alt=\"\" width=\"150\" height=\"57\" \/><\/a><br \/>\nArticle reproduit avec autorisation.<\/p>\n","protected":false},"excerpt":{"rendered":"<p>Article de Vincent Breton. Le Peuple L\u00e9vis. \u00c0 compter de l\u2019an prochain, la portion l\u00e9visienne du Marathon SSQ sera exclue du parcours, qui se concentrera uniquement dans les quartiers de Qu\u00e9bec. La Corporation \u00c9v\u00e9nements Course de Qu\u00e9bec et son producteur Gestev ont fait cette annonce cette semaine en point de presse. \u00abEn ce 20e anniversaire,\u2026 <span class=\"read-more\"><a href=\"http:\/\/www.levisurbain.ca\/?p=11413\">Lire la suite &raquo;<\/a><\/span><\/p>\n","protected":false},"author":1,"featured_media":0,"comment_status":"open","ping_status":"open","sticky":false,"template":"","format":"standard","meta":{"footnotes":""},"categories":[1],"tags":[],"class_list":["post-11413","post","type-post","status-publish","format-standard","hentry","category-non-classe"],"_links":{"self":[{"href":"http:\/\/www.levisurbain.ca\/index.php?rest_route=\/wp\/v2\/posts\/11413","targetHints":{"allow":["GET"]}}],"collection":[{"href":"http:\/\/www.levisurbain.ca\/index.php?rest_route=\/wp\/v2\/posts"}],"about":[{"href":"http:\/\/www.levisurbain.ca\/index.php?rest_route=\/wp\/v2\/types\/post"}],"author":[{"embeddable":true,"href":"http:\/\/www.levisurbain.ca\/index.php?rest_route=\/wp\/v2\/users\/1"}],"replies":[{"embeddable":true,"href":"http:\/\/www.levisurbain.ca\/index.php?rest_route=%2Fwp%2Fv2%2Fcomments&post=11413"}],"version-history":[{"count":0,"href":"http:\/\/www.levisurbain.ca\/index.php?rest_route=\/wp\/v2\/posts\/11413\/revisions"}],"wp:attachment":[{"href":"http:\/\/www.levisurbain.ca\/index.php?rest_route=%2Fwp%2Fv2%2Fmedia&parent=11413"}],"wp:term":[{"taxonomy":"category","embeddable":true,"href":"http:\/\/www.levisurbain.ca\/index.php?rest_route=%2Fwp%2Fv2%2Fcategories&post=11413"},{"taxonomy":"post_tag","embeddable":true,"href":"http:\/\/www.levisurbain.ca\/index.php?rest_route=%2Fwp%2Fv2%2Ftags&post=11413"}],"curies":[{"name":"wp","href":"https:\/\/api.w.org\/{rel}","templated":true}]}}