{"id":11407,"date":"2017-08-26T16:04:18","date_gmt":"2017-08-26T21:04:18","guid":{"rendered":"http:\/\/www.levisurbain.ca\/?p=11407"},"modified":"2018-02-14T12:34:40","modified_gmt":"2018-02-14T17:34:40","slug":"reprise-des-discussions-concernant-le-3e-lien","status":"publish","type":"post","link":"http:\/\/www.levisurbain.ca\/?p=11407","title":{"rendered":"Reprise des discussions concernant le 3e lien"},"content":{"rendered":"<p>Article de Val\u00e9rie Maltais. <a href=\"http:\/\/www.journaldelevis.com\/\" target=\"_blank\" rel=\"noopener\">Le Journal de L\u00e9vis<\/a>.<\/p>\n<blockquote><p><strong>Les vacances sont belles et bien termin\u00e9es. La rentr\u00e9e scolaire pointe le bout de son nez et la congestion routi\u00e8re avec. Gilles Lehouillier, maire de L\u00e9vis, entend pousser le dossier du troisi\u00e8me lien entre Qu\u00e9bec et L\u00e9vis dans les prochaines semaines.<\/strong><\/p>\n<p>\u00ab Je crois de plus en plus \u00e0 la th\u00e8se d&rsquo;un pont ou d&rsquo;un pont combin\u00e9 \u00e0 un tunnel. Il faudra regarder tous les sc\u00e9narios mis en \u0153uvre, mais surveiller celui-ci de tr\u00e8s pr\u00e8s. Je crois qu&rsquo;il est possible de r\u00e9aliser un troisi\u00e8me lien \u00e0 moins de 4 M$ \u00bb, a soulign\u00e9 le premier magistrat de L\u00e9vis.<\/p>\n<p>La cr\u00e9ation d&rsquo;un bureau de projet a \u00e9t\u00e9 annonc\u00e9 en f\u00e9vrier, puis Qu\u00e9bec a r\u00e9serv\u00e9 une somme de 20,5 M$ pour la mise \u00e0 l&rsquo;\u00e9tude du projet d&rsquo;implantation d&rsquo;un nouveau lien, dans le cadre du Plan qu\u00e9b\u00e9cois des infrastructures 2017-2027, lors du d\u00e9voilement du budget 2017-2018. Enfin, ce Bureau de projet doit voir le jour cet automne et sera dirig\u00e9 de Charlesbourg par St\u00e9phane Dallaire.<\/p>\n<p>Le maire Lehouillier attend avec enthousiasme de conna\u00eetre leur \u00e9ch\u00e9ancier. \u00ab On aimerait avoir un plan de match pr\u00e9cis de la suite des choses. Ce que le ministre (du MTMDET) Laurent Lessard me dit, c&rsquo;est qu&rsquo;on y travaille. Maintenant, on va mettre beaucoup de pression sur la r\u00e9alisation d&rsquo;un troisi\u00e8me lien, puisqu&rsquo;\u00e0 L\u00e9vis, nous sommes en faveur et nous sommes convaincus qu&rsquo;il s&rsquo;agit d&rsquo;un projet d&rsquo;avenir significatif, qui va r\u00e9gler une bonne partie de la fluidit\u00e9 de la circulation.<!--more--><\/p>\n<p><a name\"more\"><\/a><strong>Travailler avec Qu\u00e9bec<\/strong><br \/>\nQuestionn\u00e9 sur le dossier apr\u00e8s sa plus r\u00e9cente escarmouche avec son homologue de Qu\u00e9bec, R\u00e9gis Labeaume, le maire de L\u00e9vis a affirm\u00e9 sans d\u00e9tour qu&rsquo;il y aura de nouveaux points de divergence entre les deux politiciens. \u00ab Plus les semaines vont passer et plus le troisi\u00e8me lien va devenir un enjeu majeur et extr\u00eamement important, par cons\u00e9quent il y aura des divergences \u00bb, a avanc\u00e9 M. Lehouillier.<\/p>\n<p>\u00ab Nous devrons passer par dessus et travailler ensemble malgr\u00e9 cela. Nous sommes condamn\u00e9s \u00e0 collaborer sur de grands ensembles, pour que notre grande r\u00e9gion continue de prosp\u00e9rer. J&rsquo;ai un leadership peut-\u00eatre moins direct que celui de R\u00e9gis Labeaume et c&rsquo;est tant mieux. Imaginez s&rsquo;il fallait qu&rsquo;on ait le m\u00eame caract\u00e8re, il y aurait un mur au centre du fleuve \u00bb, a-t-il ajout\u00e9 \u00e0 la blague.<\/p>\n<p>Interpell\u00e9 sur un projet de m\u00e9tro par les m\u00e9dias de Qu\u00e9bec, le maire de L\u00e9vis se dit ouvert \u00e0 l&rsquo;id\u00e9e, mais que \u00ab l&rsquo;exp\u00e9rience du SRB nous a d\u00e9montr\u00e9, qu&rsquo;il n&rsquo;\u00e9tait pas appropri\u00e9 de d\u00e9ployer un tel projet \u00e0 L\u00e9vis. Sur le plan \u00e9conomique, il n&rsquo;y avait rien qui pouvait justifier son implantation sur le territoire. J&rsquo;ose croire que la m\u00eame logique va s&rsquo;appliquer pour un m\u00e9tro \u00bb, a-t-il analys\u00e9.<\/p><\/blockquote>\n<p><a href=\"http:\/\/www.journaldelevis.com\/\" target=\"_blank\" rel=\"noopener noreferrer\"><img decoding=\"async\" src=\"http:\/\/www.levisurbain.ca\/wp-content\/uploads\/2017\/04\/jdl_logo2012.png\" alt=\"\" \/><\/a><br \/>\nReproduit avec autorisation. <\/p>\n","protected":false},"excerpt":{"rendered":"<p>Article de Val\u00e9rie Maltais. Le Journal de L\u00e9vis. Les vacances sont belles et bien termin\u00e9es. La rentr\u00e9e scolaire pointe le bout de son nez et la congestion routi\u00e8re avec. Gilles Lehouillier, maire de L\u00e9vis, entend pousser le dossier du troisi\u00e8me lien entre Qu\u00e9bec et L\u00e9vis dans les prochaines semaines. \u00ab Je crois de plus en\u2026 <span class=\"read-more\"><a href=\"http:\/\/www.levisurbain.ca\/?p=11407\">Lire la suite &raquo;<\/a><\/span><\/p>\n","protected":false},"author":5,"featured_media":0,"comment_status":"open","ping_status":"open","sticky":false,"template":"","format":"standard","meta":{"footnotes":""},"categories":[65,60],"tags":[63],"class_list":["post-11407","post","type-post","status-publish","format-standard","hentry","category-gouvernement","category-transports","tag-3e-lien"],"_links":{"self":[{"href":"http:\/\/www.levisurbain.ca\/index.php?rest_route=\/wp\/v2\/posts\/11407","targetHints":{"allow":["GET"]}}],"collection":[{"href":"http:\/\/www.levisurbain.ca\/index.php?rest_route=\/wp\/v2\/posts"}],"about":[{"href":"http:\/\/www.levisurbain.ca\/index.php?rest_route=\/wp\/v2\/types\/post"}],"author":[{"embeddable":true,"href":"http:\/\/www.levisurbain.ca\/index.php?rest_route=\/wp\/v2\/users\/5"}],"replies":[{"embeddable":true,"href":"http:\/\/www.levisurbain.ca\/index.php?rest_route=%2Fwp%2Fv2%2Fcomments&post=11407"}],"version-history":[{"count":0,"href":"http:\/\/www.levisurbain.ca\/index.php?rest_route=\/wp\/v2\/posts\/11407\/revisions"}],"wp:attachment":[{"href":"http:\/\/www.levisurbain.ca\/index.php?rest_route=%2Fwp%2Fv2%2Fmedia&parent=11407"}],"wp:term":[{"taxonomy":"category","embeddable":true,"href":"http:\/\/www.levisurbain.ca\/index.php?rest_route=%2Fwp%2Fv2%2Fcategories&post=11407"},{"taxonomy":"post_tag","embeddable":true,"href":"http:\/\/www.levisurbain.ca\/index.php?rest_route=%2Fwp%2Fv2%2Ftags&post=11407"}],"curies":[{"name":"wp","href":"https:\/\/api.w.org\/{rel}","templated":true}]}}