{"id":11395,"date":"2017-08-23T12:31:19","date_gmt":"2017-08-23T17:31:19","guid":{"rendered":"http:\/\/www.levisurbain.ca\/?p=11395"},"modified":"2018-02-14T12:34:53","modified_gmt":"2018-02-14T17:34:53","slug":"complexe-aquatique-du-concept-a-la-realite","status":"publish","type":"post","link":"http:\/\/www.levisurbain.ca\/?p=11395","title":{"rendered":"Complexe aquatique : du concept \u00e0 la r\u00e9alit\u00e9"},"content":{"rendered":"<p>Article de Vincent Breton. <a href=\"http:\/\/www.lepeuplelevis.ca\" target=\"_blank\" rel=\"noopener\">Le Peuple L\u00e9vis<\/a>.<\/p>\n<blockquote>\n<div id=\"attachment_11396\" style=\"width: 485px\" class=\"wp-caption aligncenter\"><img loading=\"lazy\" decoding=\"async\" aria-describedby=\"caption-attachment-11396\" class=\"size-full wp-image-11396\" src=\"http:\/\/www.levisurbain.ca\/wp-content\/uploads\/complexe_aquatique_peuplelevis_23082017.jpg\" alt=\"\" width=\"475\" height=\"320\" srcset=\"http:\/\/www.levisurbain.ca\/wp-content\/uploads\/complexe_aquatique_peuplelevis_23082017.jpg 475w, http:\/\/www.levisurbain.ca\/wp-content\/uploads\/complexe_aquatique_peuplelevis_23082017-300x202.jpg 300w\" sizes=\"auto, (max-width: 475px) 100vw, 475px\" \/><p id=\"caption-attachment-11396\" class=\"wp-caption-text\">La r\u00e9alisation du complexe aquatique du secteur de Saint-Nicolas faisait partie des principaux engagements \u00e9lectoraux de l&rsquo;\u00e9quipe Lehouillier.<br \/> \u00a9Photo TC Media \u2013 Vincent Breton.<\/p><\/div>\n<p><strong>Ceux qui ne croyaient pas que le projet de complexe aquatique dans le secteur de Saint-Nicolas allait se r\u00e9aliser pourront d\u00e9sormais se raviser puisque le premier coup de pelle est donn\u00e9.<\/strong><\/p>\n<p>La Ville de L\u00e9vis a lanc\u00e9, hier, les travaux de construction de ce projet de centre multidisciplinaire situ\u00e9 sur la route des Rivi\u00e8res, pr\u00e8s de l&rsquo;\u00c9cole secondaire de l&rsquo;Envol. Rappelons qu&rsquo;en plus des deux bassins d&rsquo;eau, l&rsquo;un sportif et l&rsquo;autre r\u00e9cr\u00e9atif, le complexe offrira des salles d&rsquo;entra\u00eenement et de r\u00e9union ainsi que des studios de danse pouvant accueillir jusqu&rsquo;\u00e0 300 personnes, entre autres.<\/p>\n<p>C&rsquo;est vrai qu&rsquo;on prend beaucoup de la capacit\u00e9 d&#8217;emprunt de la Ville, mais on va lib\u00e9rer d&rsquo;autres infrastructures. Ren\u00e9 Fortin, conseiller du district de Saint-Nicolas.<!--more--><\/p>\n<p><a name\"more\"><\/a>Le maire de L\u00e9vis, Gilles Lehouillier, a mentionn\u00e9 qu&rsquo;en d\u00e9pit des annonces de la r\u00e9alisation du projet, quelques citoyens l&rsquo;ont approch\u00e9 durant l&rsquo;\u00e9t\u00e9 pour lui faire part de leur incr\u00e9dulit\u00e9. \u00ab Les gens \u00e9taient sceptiques, mais l\u00e0 on peut leur dire que c&rsquo;est parti \u00bb, a-t-il lanc\u00e9.<\/p>\n<p>L&rsquo;\u00e9lu municipal, qui \u00e9tait flanqu\u00e9 de Dominique Vien, ministre du Travail et ministre responsable de la r\u00e9gion de la Chaudi\u00e8re-Appalaches, a aussi pr\u00e9cis\u00e9 que le volet communautaire allait occuper une partie du nouvel \u00e9difice. \u00abLe secteur de Saint-Nicolas avait grandement besoin de locaux communautaires\u00bb, a signal\u00e9 le maire Lehouillier.<\/p>\n<p>Le conseiller municipal de ce district, Ren\u00e9 Fortin, a rench\u00e9ri en admettant que ce type de b\u00e2tisse soit \u00ab un symbole fort \u00bb du sentiment d&rsquo;appartenance \u00e0 la Ville de L\u00e9vis.<\/p>\n<p>Le projet b\u00e9n\u00e9ficie d&rsquo;une aide financi\u00e8re de 9 M$ provenant des gouvernements du Canada et du Qu\u00e9bec. \u00c0 cela s&rsquo;ajoute une somme de 5 M$ provenant de la taxe d&rsquo;accise pour l&rsquo;essence. La Ville de L\u00e9vis investit la diff\u00e9rence pour combler le budget de 28,5 M$, soit 14,5 millions de dollars.<\/p>\n<p><strong>Faits saillants<\/strong><\/p>\n<ul>\n<li>28,5 M$: C&rsquo;est le co\u00fbt total du projet. Les gouvernements du Qu\u00e9bec et du Canada avancent 14 M$ et la Ville de L\u00e9vis investit la diff\u00e9rence.<\/li>\n<li>2 piscines: Le complexe renfermera deux bassins aquatiques. L&rsquo;un sportif de 625 m\u00e8tres carr\u00e9s et un r\u00e9cr\u00e9atif de 400 m\u00e8tres carr\u00e9s.<\/li>\n<li>4 studios: Le volet danse donnera acc\u00e8s \u00e0 quatre studios pouvant accueillir 300 personnes.<\/li>\n<\/ul>\n<\/blockquote>\n<p><a href=\"http:\/\/www.lepeuplelevis.ca\" target=\"_blank\" rel=\"noopener noreferrer\"><img loading=\"lazy\" decoding=\"async\" src=\"http:\/\/www.levisurbain.ca\/wp-content\/uploads\/2017\/04\/peuple-levis_2015.jpg\" alt=\"\" width=\"150\" height=\"57\" \/><\/a><br \/>\nArticle reproduit avec autorisation.<\/p>\n","protected":false},"excerpt":{"rendered":"<p>Article de Vincent Breton. Le Peuple L\u00e9vis. Ceux qui ne croyaient pas que le projet de complexe aquatique dans le secteur de Saint-Nicolas allait se r\u00e9aliser pourront d\u00e9sormais se raviser puisque le premier coup de pelle est donn\u00e9. La Ville de L\u00e9vis a lanc\u00e9, hier, les travaux de construction de ce projet de centre multidisciplinaire\u2026 <span class=\"read-more\"><a href=\"http:\/\/www.levisurbain.ca\/?p=11395\">Lire la suite &raquo;<\/a><\/span><\/p>\n","protected":false},"author":1,"featured_media":0,"comment_status":"open","ping_status":"open","sticky":false,"template":"","format":"standard","meta":{"footnotes":""},"categories":[65,57],"tags":[],"class_list":["post-11395","post","type-post","status-publish","format-standard","hentry","category-gouvernement","category-sports-arts-loisirs"],"_links":{"self":[{"href":"http:\/\/www.levisurbain.ca\/index.php?rest_route=\/wp\/v2\/posts\/11395","targetHints":{"allow":["GET"]}}],"collection":[{"href":"http:\/\/www.levisurbain.ca\/index.php?rest_route=\/wp\/v2\/posts"}],"about":[{"href":"http:\/\/www.levisurbain.ca\/index.php?rest_route=\/wp\/v2\/types\/post"}],"author":[{"embeddable":true,"href":"http:\/\/www.levisurbain.ca\/index.php?rest_route=\/wp\/v2\/users\/1"}],"replies":[{"embeddable":true,"href":"http:\/\/www.levisurbain.ca\/index.php?rest_route=%2Fwp%2Fv2%2Fcomments&post=11395"}],"version-history":[{"count":0,"href":"http:\/\/www.levisurbain.ca\/index.php?rest_route=\/wp\/v2\/posts\/11395\/revisions"}],"wp:attachment":[{"href":"http:\/\/www.levisurbain.ca\/index.php?rest_route=%2Fwp%2Fv2%2Fmedia&parent=11395"}],"wp:term":[{"taxonomy":"category","embeddable":true,"href":"http:\/\/www.levisurbain.ca\/index.php?rest_route=%2Fwp%2Fv2%2Fcategories&post=11395"},{"taxonomy":"post_tag","embeddable":true,"href":"http:\/\/www.levisurbain.ca\/index.php?rest_route=%2Fwp%2Fv2%2Ftags&post=11395"}],"curies":[{"name":"wp","href":"https:\/\/api.w.org\/{rel}","templated":true}]}}