{"id":11389,"date":"2017-08-23T11:40:47","date_gmt":"2017-08-23T16:40:47","guid":{"rendered":"http:\/\/www.levisurbain.ca\/?p=11389"},"modified":"2018-02-14T12:35:27","modified_gmt":"2018-02-14T17:35:27","slug":"levis-se-prepare-a-accueillir-un-premier-navire-de-croisiere","status":"publish","type":"post","link":"http:\/\/www.levisurbain.ca\/?p=11389","title":{"rendered":"L\u00e9vis se pr\u00e9pare \u00e0 accueillir un premier navire de croisi\u00e8re"},"content":{"rendered":"<p>Article de Louis-Phillipe Samson. <a href=\"http:\/\/www.journaldelevis.com\/\" target=\"_blank\" rel=\"noopener\">Le Journal de L\u00e9vis<\/a>.<\/p>\n<blockquote>\n<p style=\"text-align: center;\"><img loading=\"lazy\" decoding=\"async\" class=\"aligncenter size-full wp-image-11400\" src=\"http:\/\/www.levisurbain.ca\/wp-content\/uploads\/quai-PAQUET_JDLEVIS_23082017.jpg\" alt=\"\" width=\"475\" height=\"320\" srcset=\"http:\/\/www.levisurbain.ca\/wp-content\/uploads\/quai-PAQUET_JDLEVIS_23082017.jpg 475w, http:\/\/www.levisurbain.ca\/wp-content\/uploads\/quai-PAQUET_JDLEVIS_23082017-300x202.jpg 300w\" sizes=\"auto, (max-width: 475px) 100vw, 475px\" \/><\/p>\n<p><strong>Le Saga Saphire accostera au quai Paquet le 1er octobre. Il deviendra le premier navire de croisi\u00e8re \u00e0 amarrer \u00e0 L\u00e9vis. Issue d&rsquo;un partenariat entre la Ville de L\u00e9vis et le Port de Qu\u00e9bec, l&rsquo;arriv\u00e9e du Saga Saphire jettera les bases d&rsquo;une collaboration pour l&rsquo;accueil de plusieurs autres navires dans le futur.<\/strong><\/p>\n<p>Le partenariat pr\u00e9voit l&rsquo;accompagnement du Port de Qu\u00e9bec dans les d\u00e9marches de structuration de l&rsquo;offre, d&rsquo;identification des besoins, d&rsquo;\u00e9quipements et de ressources n\u00e9cessaires, et de gestion du quai lorsqu&rsquo;un navire y est accost\u00e9.<\/p>\n<p>Des travaux d&rsquo;am\u00e9nagement du quai Paquet d\u00e9buteront dans les prochains jours. Des bornes d&rsquo;amarrage, les pi\u00e8ces de protection pneumatiques et les passerelles d&#8217;embarquement seront install\u00e9es. Ces installations permettront l&rsquo;accueil de navires allant jusqu&rsquo;\u00e0 200 m\u00e8tres, pouvant s&rsquo;\u00e9tirer \u00e0 270 avec quelques \u00e9quipements suppl\u00e9mentaires.<\/p>\n<p>Pour financer les travaux, estim\u00e9s \u00e0 un peu plus 2,3 M$, la Ville a re\u00e7u la confirmation d&rsquo;une aide financi\u00e8re non remboursable de 768 883 $ du programme de Strat\u00e9gie maritime du Gouvernement du Qu\u00e9bec. Ce montant repr\u00e9sente le tiers de la facture, la balance de la facture est assum\u00e9e par la Ville. Une convention d&rsquo;aide financi\u00e8re doit encore \u00eatre sign\u00e9e avec le Minist\u00e8re du Tourisme par la Ville afin d&rsquo;officialiser la subvention.<!--more--><\/p>\n<p><a name\"more\"><\/a>Si l&rsquo;exp\u00e9rience s&rsquo;av\u00e8re concluante, des installations plus permanentes pourraient \u00eatre construites, telles qu&rsquo;une aire de services et un ponton d&rsquo;accueil de bateaux de croisi\u00e8res d&rsquo;excursions.<\/p>\n<p><strong>Chantier historique A.C. Davie<\/strong><br \/>\nPar ailleurs, \u00e9tant le seul endroit du secteur de la traverse qui n&rsquo;a pas encore \u00e9t\u00e9 r\u00e9am\u00e9nag\u00e9, une entente sur la r\u00e9actualisation des \u00e9tudes de faisabilit\u00e9 sur le lieu historique national du chantier A.C. Davie avec la contribution financi\u00e8re de Parc Canada a \u00e9t\u00e9 adopt\u00e9e.<\/p>\n<p>Une contribution de 25 000 $ est demand\u00e9e \u00e0 Parc Canada, qui couvrirait 50 % du budget pour r\u00e9aliser l&rsquo;\u00e9tude. Un d\u00e9cret doit avant tout \u00eatre demand\u00e9 \u00e0 l&rsquo;Assembl\u00e9 nationale pour permettre \u00e0 la Ville de L\u00e9vis de consulter Parc Canada. L&rsquo;\u00e9ch\u00e9ancier pr\u00e9voit que l&rsquo;\u00e9tude sera r\u00e9alis\u00e9e entre d\u00e9cembre 2017 et mars 2018.<\/p><\/blockquote>\n<p><a href=\"http:\/\/www.journaldelevis.com\/\" target=\"_blank\" rel=\"noopener noreferrer\"><img decoding=\"async\" src=\"http:\/\/www.levisurbain.ca\/wp-content\/uploads\/2017\/04\/jdl_logo2012.png\" alt=\"\" \/><\/a><br \/>\nReproduit avec autorisation.<\/p>\n","protected":false},"excerpt":{"rendered":"<p>Article de Louis-Phillipe Samson. Le Journal de L\u00e9vis. Le Saga Saphire accostera au quai Paquet le 1er octobre. Il deviendra le premier navire de croisi\u00e8re \u00e0 amarrer \u00e0 L\u00e9vis. Issue d&rsquo;un partenariat entre la Ville de L\u00e9vis et le Port de Qu\u00e9bec, l&rsquo;arriv\u00e9e du Saga Saphire jettera les bases d&rsquo;une collaboration pour l&rsquo;accueil de plusieurs\u2026 <span class=\"read-more\"><a href=\"http:\/\/www.levisurbain.ca\/?p=11389\">Lire la suite &raquo;<\/a><\/span><\/p>\n","protected":false},"author":5,"featured_media":0,"comment_status":"open","ping_status":"open","sticky":false,"template":"","format":"standard","meta":{"footnotes":""},"categories":[58,60],"tags":[62],"class_list":["post-11389","post","type-post","status-publish","format-standard","hentry","category-commerce-economie","category-transports","tag-traverse-de-levis"],"_links":{"self":[{"href":"http:\/\/www.levisurbain.ca\/index.php?rest_route=\/wp\/v2\/posts\/11389","targetHints":{"allow":["GET"]}}],"collection":[{"href":"http:\/\/www.levisurbain.ca\/index.php?rest_route=\/wp\/v2\/posts"}],"about":[{"href":"http:\/\/www.levisurbain.ca\/index.php?rest_route=\/wp\/v2\/types\/post"}],"author":[{"embeddable":true,"href":"http:\/\/www.levisurbain.ca\/index.php?rest_route=\/wp\/v2\/users\/5"}],"replies":[{"embeddable":true,"href":"http:\/\/www.levisurbain.ca\/index.php?rest_route=%2Fwp%2Fv2%2Fcomments&post=11389"}],"version-history":[{"count":0,"href":"http:\/\/www.levisurbain.ca\/index.php?rest_route=\/wp\/v2\/posts\/11389\/revisions"}],"wp:attachment":[{"href":"http:\/\/www.levisurbain.ca\/index.php?rest_route=%2Fwp%2Fv2%2Fmedia&parent=11389"}],"wp:term":[{"taxonomy":"category","embeddable":true,"href":"http:\/\/www.levisurbain.ca\/index.php?rest_route=%2Fwp%2Fv2%2Fcategories&post=11389"},{"taxonomy":"post_tag","embeddable":true,"href":"http:\/\/www.levisurbain.ca\/index.php?rest_route=%2Fwp%2Fv2%2Ftags&post=11389"}],"curies":[{"name":"wp","href":"https:\/\/api.w.org\/{rel}","templated":true}]}}