{"id":11382,"date":"2017-08-20T22:45:11","date_gmt":"2017-08-21T03:45:11","guid":{"rendered":"http:\/\/www.levisurbain.ca\/?p=11382"},"modified":"2018-02-14T12:37:22","modified_gmt":"2018-02-14T17:37:22","slug":"pont-de-quebec-le-moment-est-venu-de-passer-a-laction-gilles-lehouillier-2","status":"publish","type":"post","link":"http:\/\/www.levisurbain.ca\/?p=11382","title":{"rendered":"Pont de Qu\u00e9bec : \u00ab Le moment est venu de passer \u00e0 l&rsquo;action \u00bb &#8211; Gilles Lehouillier"},"content":{"rendered":"<p>Article de Louis-Phillipe Samson. <a href=\"http:\/\/www.journaldelevis.com\/\" target=\"_blank\" rel=\"noopener\">Le Journal de L\u00e9vis<\/a>.<\/p>\n<p style=\"text-align: center;\"><img loading=\"lazy\" decoding=\"async\" class=\"aligncenter size-full wp-image-11402\" src=\"http:\/\/www.levisurbain.ca\/wp-content\/uploads\/pont_quebec_jdlevis_21082017.jpg\" alt=\"\" width=\"475\" height=\"320\" srcset=\"http:\/\/www.levisurbain.ca\/wp-content\/uploads\/pont_quebec_jdlevis_21082017.jpg 475w, http:\/\/www.levisurbain.ca\/wp-content\/uploads\/pont_quebec_jdlevis_21082017-300x202.jpg 300w\" sizes=\"auto, (max-width: 475px) 100vw, 475px\" \/><\/p>\n<blockquote><p><strong>Pour le maire de L\u00e9vis, Gilles Lehouillier, le dossier de la peinture du pont de Qu\u00e9bec a assez dur\u00e9. Il se demande toujours pourquoi les travaux n&rsquo;ont pas \u00e9t\u00e9 amorc\u00e9s avec les 100 millions $ disponibles.<\/strong><\/p>\n<p>Le maire fait valoir qu&rsquo;en commen\u00e7ant les travaux, l&rsquo;\u00e9valuation des co\u00fbts totaux pourrait se pr\u00e9ciser. \u00ab Si on commence avec 100 M$, on a le temps de regarder \u00e0 quel prix on va continuer l&rsquo;entretien, a expliqu\u00e9 le maire. Ce premier 100 M$ nous permettrait de savoir ce qu&rsquo;il y en est au niveau des co\u00fbts. Il nous permettrait d&rsquo;aller en appel d&rsquo;offres pour une partie. \u00bb<\/p>\n<p>Lors de la campagne \u00e9lectorale f\u00e9d\u00e9rale de 2015, le gouvernement lib\u00e9ral avait pris l&rsquo;engagement de r\u00e9gler le dossier de la peinture du pont de Qu\u00e9bec. Le maire d\u00e9plore que cet engagement ne soit toujours pas respect\u00e9. \u00ab Il y a un leadership qui appartient au gouvernement f\u00e9d\u00e9ral dans ce dossier. On ne sent pas en ce moment que le gouvernement force le jeu avec personne et c&rsquo;est \u00e7a qui est malheureux \u00bb, a-t-il d\u00e9plor\u00e9<\/p>\n<p>Avec les d\u00e9lais qui s&rsquo;accumulent, M. Lehouillier en vient \u00e0 se questionner sur la pr\u00e9sence r\u00e9elle de ces 100 M$. \u00ab Ma question est : pourquoi ne commence-t-on pas les travaux? On ne fera pas 400 M$ de travaux d&rsquo;un coup, a ajout\u00e9 le premier magistrat. \u00c7a fait plusieurs fois que je propose de commencer les travaux et tout le monde dort. Est-il vraiment l\u00e0 ce 100 M$ ou il est virtuel ? \u00bb<!--more--><\/p>\n<p><strong>Le CN pas responsable<\/strong><br \/>\nSean Finn, chef de la direction des Affaires juridiques du CN, a assur\u00e9 que \u00ab Le pont est dans un \u00e9tat tr\u00e8s s\u00e9curitaire. Le CN investit, avec le MTQ, des millions de dollars par ann\u00e9es pour assurer sa viabilit\u00e9 et sa s\u00e9curit\u00e9. \u00bb<\/p>\n<p>Cependant, son entreprise refuse toute responsabilit\u00e9 pour ce qui est de la peinture de la structure centenaire. \u00ab Les tribunaux ont d\u00e9cid\u00e9 que ce n&rsquo;est pas la responsabilit\u00e9 du CN de peinturer (sic) le pont, a-t-il affirm\u00e9. On continue de discuter avec tous les intervenants pour voir les solutions possibles, mais ce n&rsquo;est pas le CN qui va peinturer le pont. La responsabilit\u00e9 revient \u00e0 un autre gouvernement ou une autre entit\u00e9. \u00bb<\/p><\/blockquote>\n<p><a href=\"http:\/\/www.journaldelevis.com\/\" target=\"_blank\" rel=\"noopener noreferrer\"><img decoding=\"async\" src=\"http:\/\/www.levisurbain.ca\/wp-content\/uploads\/2017\/04\/jdl_logo2012.png\" alt=\"\" \/><\/a><br \/>\nReproduit avec autorisation.<\/p>\n","protected":false},"excerpt":{"rendered":"<p>Article de Louis-Phillipe Samson. Le Journal de L\u00e9vis. Pour le maire de L\u00e9vis, Gilles Lehouillier, le dossier de la peinture du pont de Qu\u00e9bec a assez dur\u00e9. Il se demande toujours pourquoi les travaux n&rsquo;ont pas \u00e9t\u00e9 amorc\u00e9s avec les 100 millions $ disponibles. Le maire fait valoir qu&rsquo;en commen\u00e7ant les travaux, l&rsquo;\u00e9valuation des co\u00fbts\u2026 <span class=\"read-more\"><a href=\"http:\/\/www.levisurbain.ca\/?p=11382\">Lire la suite &raquo;<\/a><\/span><\/p>\n","protected":false},"author":5,"featured_media":0,"comment_status":"open","ping_status":"open","sticky":false,"template":"","format":"standard","meta":{"footnotes":""},"categories":[65,68,60],"tags":[73],"class_list":["post-11382","post","type-post","status-publish","format-standard","hentry","category-gouvernement","category-patrimoine","category-transports","tag-pont-de-quebec"],"_links":{"self":[{"href":"http:\/\/www.levisurbain.ca\/index.php?rest_route=\/wp\/v2\/posts\/11382","targetHints":{"allow":["GET"]}}],"collection":[{"href":"http:\/\/www.levisurbain.ca\/index.php?rest_route=\/wp\/v2\/posts"}],"about":[{"href":"http:\/\/www.levisurbain.ca\/index.php?rest_route=\/wp\/v2\/types\/post"}],"author":[{"embeddable":true,"href":"http:\/\/www.levisurbain.ca\/index.php?rest_route=\/wp\/v2\/users\/5"}],"replies":[{"embeddable":true,"href":"http:\/\/www.levisurbain.ca\/index.php?rest_route=%2Fwp%2Fv2%2Fcomments&post=11382"}],"version-history":[{"count":0,"href":"http:\/\/www.levisurbain.ca\/index.php?rest_route=\/wp\/v2\/posts\/11382\/revisions"}],"wp:attachment":[{"href":"http:\/\/www.levisurbain.ca\/index.php?rest_route=%2Fwp%2Fv2%2Fmedia&parent=11382"}],"wp:term":[{"taxonomy":"category","embeddable":true,"href":"http:\/\/www.levisurbain.ca\/index.php?rest_route=%2Fwp%2Fv2%2Fcategories&post=11382"},{"taxonomy":"post_tag","embeddable":true,"href":"http:\/\/www.levisurbain.ca\/index.php?rest_route=%2Fwp%2Fv2%2Ftags&post=11382"}],"curies":[{"name":"wp","href":"https:\/\/api.w.org\/{rel}","templated":true}]}}