{"id":11379,"date":"2017-08-20T22:41:07","date_gmt":"2017-08-21T03:41:07","guid":{"rendered":"http:\/\/www.levisurbain.ca\/?p=11379"},"modified":"2018-02-14T12:37:48","modified_gmt":"2018-02-14T17:37:48","slug":"pont-de-quebec-le-moment-est-venu-de-passer-a-laction-gilles-lehouillier","status":"publish","type":"post","link":"http:\/\/www.levisurbain.ca\/?p=11379","title":{"rendered":"La piste cyclable du parc de la rivi\u00e8re Etchemins est inaugur\u00e9e"},"content":{"rendered":"<p>Article de Louis-Phillipe Samson. <a href=\"http:\/\/www.journaldelevis.com\/\" target=\"_blank\" rel=\"noopener\">Le Journal de L\u00e9vis<\/a>.<\/p>\n<p style=\"text-align: center;\"><img loading=\"lazy\" decoding=\"async\" class=\"aligncenter size-full wp-image-11405\" src=\"http:\/\/www.levisurbain.ca\/wp-content\/uploads\/cistercienne_jdlevis_21082017.jpg\" alt=\"\" width=\"475\" height=\"320\" srcset=\"http:\/\/www.levisurbain.ca\/wp-content\/uploads\/cistercienne_jdlevis_21082017.jpg 475w, http:\/\/www.levisurbain.ca\/wp-content\/uploads\/cistercienne_jdlevis_21082017-300x202.jpg 300w\" sizes=\"auto, (max-width: 475px) 100vw, 475px\" \/><\/p>\n<blockquote><p><strong>La Ville de L\u00e9vis a proc\u00e9d\u00e9 \u00e0 l&rsquo;inauguration de la piste cyclable du parc de la rivi\u00e8re Etchemin le 18 ao\u00fbt. Cette action vient mettre un terme \u00e0 une premi\u00e8re phase de travaux qui sont effectu\u00e9s dans le parc.<\/strong><\/p>\n<p>La piste devient ainsi le plus important lien dans l&rsquo;interconnexion du r\u00e9seau cyclable de L\u00e9vis avec ses 5,1 km. Les travaux ont n\u00e9cessit\u00e9 des investissements de 3,8 M$. De ce montant, 1,8 M$ ont \u00e9t\u00e9 utilis\u00e9s dans l&rsquo;acquisition de terrains et 2 M$ ont permis la r\u00e9alisation de la piste cyclable, d&rsquo;une structure de protection sous l&rsquo;autoroute 20, d&rsquo;aire de repos et d&rsquo;un belv\u00e9d\u00e8re, qui sera compl\u00e9t\u00e9 d&rsquo;ici novembre. Des \u00e9conomies de 400 000 $ ont \u00e9t\u00e9 r\u00e9alis\u00e9es sur les travaux alors qu&rsquo;un budget de 2,4 M$ \u00e9tait initialement pr\u00e9vu.<\/p>\n<p>En conf\u00e9rence de presse, le maire de L\u00e9vis, Gilles Lehouillier, s&rsquo;est montr\u00e9 tr\u00e8s fier du r\u00e9sultat obtenu. \u00ab Le parc sera utilisable \u00e0 l&rsquo;ann\u00e9e avec le v\u00e9lo l&rsquo;\u00e9t\u00e9 et le ski de fond en hiver, a-t-il d\u00e9clar\u00e9. La superficie totale du parc repr\u00e9sente 3 fois et demie la superficie des Plaines d&rsquo;Abraham \u00e0 Qu\u00e9bec. \u00bb 61 % de cette \u00e9tendue est compos\u00e9e de territoire forestier. On y retrouve une cinquantaine d&rsquo;esp\u00e8ces d&rsquo;oiseaux, il y a au moins 17 esp\u00e8ces de poissons dans la rivi\u00e8re et plusieurs animaux, dont des chevreuils.<\/p>\n<p>Le parc de la rivi\u00e8re Etchemin est \u00ab un joyau inestimable, c&rsquo;est un l\u00e8gue pour les g\u00e9n\u00e9rations futures, a d\u00e9clar\u00e9 le maire. Il pourra y avoir des travaux d&rsquo;am\u00e9nagement \u00e0 l&rsquo;infini pendant 15 \u00e0 20 ans. On peut am\u00e9nager des sentiers p\u00e9destres, un chalet de services pour le ski de fond et le stationnement \u00e0 l&rsquo;entr\u00e9e sont d\u00e9j\u00e0 pr\u00e9vus. \u00bb<!--more--><\/p>\n<p>Pour Martine P\u00e9loquin, Vice-pr\u00e9sidente et directrice g\u00e9n\u00e9rale chez Val\u00e9ro, cette inauguration s&rsquo;inscrit dans la vision philanthropique et communautaire de son entreprise. \u00ab Val\u00e9ro a \u00e0 c\u0153ur l&rsquo;int\u00e9gration de sa raffinerie \u00e0 la communaut\u00e9, a-t-elle expliqu\u00e9. La ceinture verte qui entoure la raffinerie repr\u00e9sente des investissements de 10 M$. Elle est entretenue et est accessible pour toute la population. \u00bb<\/p>\n<p>Le conseiller municipal Guy Dumoulin a qualifi\u00e9 ce projet de \u00ab r\u00eave devenu r\u00e9alit\u00e9 \u00bb. Il a avou\u00e9 penser \u00e0 ce projet depuis 20 ans, la piste cyclable, qui n&rsquo;existait pas sur les premi\u00e8res esquisses, est sa plus grande fiert\u00e9.<\/p>\n<p><strong>De nouveaux parcours en 2018<\/strong><br \/>\nLe Canadien National (CN) vend son emprise ferroviaire longeant le boulevard Guillaume-Couture \u00e0 proximit\u00e9 du parc et L\u00e9vis a l&rsquo;intention de s&rsquo;en porter acqu\u00e9reur. Le minist\u00e8re des Transports du Qu\u00e9bec (MTQ) promettait depuis quelques ann\u00e9es d&rsquo;acheter l&#8217;emprise, mais n&rsquo;a jamais concr\u00e9tis\u00e9 l&rsquo;achat. \u00ab Apr\u00e8s deux ans de \u201c tataouinage \u201d, on apprend qu&rsquo;ils n&rsquo;ach\u00e8tent pas. On a perdu deux ans. On l&rsquo;aurait achet\u00e9 et on l&rsquo;aurait pav\u00e9 d\u00e9j\u00e0 \u00bb, s&rsquo;est insurg\u00e9 M. Lehouillier. Donc, ces travaux devraient \u00eatre r\u00e9alis\u00e9s au courant de l&rsquo;ann\u00e9e 2018.<\/p><\/blockquote>\n<p><a href=\"http:\/\/www.journaldelevis.com\/\" target=\"_blank\" rel=\"noopener noreferrer\"><img decoding=\"async\" src=\"http:\/\/www.levisurbain.ca\/wp-content\/uploads\/2017\/04\/jdl_logo2012.png\" alt=\"\" \/><\/a><br \/>\nReproduit avec autorisation.<\/p>\n","protected":false},"excerpt":{"rendered":"<p>Article de Louis-Phillipe Samson. Le Journal de L\u00e9vis. La Ville de L\u00e9vis a proc\u00e9d\u00e9 \u00e0 l&rsquo;inauguration de la piste cyclable du parc de la rivi\u00e8re Etchemin le 18 ao\u00fbt. Cette action vient mettre un terme \u00e0 une premi\u00e8re phase de travaux qui sont effectu\u00e9s dans le parc. La piste devient ainsi le plus important lien\u2026 <span class=\"read-more\"><a href=\"http:\/\/www.levisurbain.ca\/?p=11379\">Lire la suite &raquo;<\/a><\/span><\/p>\n","protected":false},"author":5,"featured_media":0,"comment_status":"open","ping_status":"open","sticky":false,"template":"","format":"standard","meta":{"footnotes":""},"categories":[71,57],"tags":[],"class_list":["post-11379","post","type-post","status-publish","format-standard","hentry","category-environnement","category-sports-arts-loisirs"],"_links":{"self":[{"href":"http:\/\/www.levisurbain.ca\/index.php?rest_route=\/wp\/v2\/posts\/11379","targetHints":{"allow":["GET"]}}],"collection":[{"href":"http:\/\/www.levisurbain.ca\/index.php?rest_route=\/wp\/v2\/posts"}],"about":[{"href":"http:\/\/www.levisurbain.ca\/index.php?rest_route=\/wp\/v2\/types\/post"}],"author":[{"embeddable":true,"href":"http:\/\/www.levisurbain.ca\/index.php?rest_route=\/wp\/v2\/users\/5"}],"replies":[{"embeddable":true,"href":"http:\/\/www.levisurbain.ca\/index.php?rest_route=%2Fwp%2Fv2%2Fcomments&post=11379"}],"version-history":[{"count":0,"href":"http:\/\/www.levisurbain.ca\/index.php?rest_route=\/wp\/v2\/posts\/11379\/revisions"}],"wp:attachment":[{"href":"http:\/\/www.levisurbain.ca\/index.php?rest_route=%2Fwp%2Fv2%2Fmedia&parent=11379"}],"wp:term":[{"taxonomy":"category","embeddable":true,"href":"http:\/\/www.levisurbain.ca\/index.php?rest_route=%2Fwp%2Fv2%2Fcategories&post=11379"},{"taxonomy":"post_tag","embeddable":true,"href":"http:\/\/www.levisurbain.ca\/index.php?rest_route=%2Fwp%2Fv2%2Ftags&post=11379"}],"curies":[{"name":"wp","href":"https:\/\/api.w.org\/{rel}","templated":true}]}}