{"id":11345,"date":"2017-08-05T02:56:13","date_gmt":"2017-08-05T07:56:13","guid":{"rendered":"http:\/\/www.levisurbain.ca\/?p=11345"},"modified":"2018-02-14T12:38:11","modified_gmt":"2018-02-14T17:38:11","slug":"lehouillier-veut-preserver-leglise-sainte-jeanne-darc","status":"publish","type":"post","link":"http:\/\/www.levisurbain.ca\/?p=11345","title":{"rendered":"Lehouillier veut pr\u00e9server l&rsquo;\u00e9glise Sainte-Jeanne-d&rsquo;Arc"},"content":{"rendered":"<p>Article de Patrica Cloutier. <a href=\"http:\/\/www.lapresse.ca\/le-soleil\/\" target=\"_blank\" rel=\"noopener\">Le Soleil<\/a>.<\/p>\n<blockquote><p><strong>Lorsqu&rsquo;elle fermera ses portes au culte, l&rsquo;\u00e9glise Sainte-Jeanne-d&rsquo;Arc doit \u00e9viter d&rsquo;\u00eatre d\u00e9molie, croit le maire de L\u00e9vis, Gilles Lehouillier.<\/strong><\/p>\n<p>\u00ab J&rsquo;avise les gens qui pourraient \u00eatre int\u00e9ress\u00e9s \u00e0 se porter acqu\u00e9reurs du b\u00e2timent qu&rsquo;avant d&rsquo;envisager la d\u00e9molition, ils sont mieux d&rsquo;y r\u00e9fl\u00e9chir comme il faut avant d&rsquo;acheter. Parce qu&rsquo;on va \u00eatre tr\u00e8s exigeants [&#8230;] notre objectif \u00e9tant de conserver le b\u00e2timent \u00bb, a r\u00e9agi le maire en m\u00eal\u00e9e de presse vendredi.<\/p>\n<p><em>Le Soleil<\/em> a r\u00e9v\u00e9l\u00e9 lundi que la paroisse Saint-Joseph-de-L\u00e9vis souhaite fermer d&rsquo;ici deux ans cette petite \u00e9glise blanche de 200\u00a0places, situ\u00e9e entre fleuve et falaise sur la rue Saint-Laurent, pr\u00e8s de l&rsquo;Anse-Tibbits.<\/p>\n<p>M. Lehouillier croit que comme elle est situ\u00e9e dans un milieu \u00ab sensible \u00bb, qui a une haute valeur historique, elle devrait rester debout. \u00ab L&rsquo;Anse-Tibbits, c&rsquo;est le lieu de convergence de tout le transport ferroviaire au d\u00e9but du XX<sup>e<\/sup>\u00a0si\u00e8cle dans la r\u00e9gion de Qu\u00e9bec \u00bb, plaide-t-il.<\/p><\/blockquote>\n<p>=&gt; La suite sur <a href=\"http:\/\/www.lapresse.ca\/le-soleil\/maison\/patrimoine\/201708\/04\/01-5122124-lehouillier-veut-preserver-leglise-sainte-jeanne-darc.php\" target=\"_blank\" rel=\"noopener\">lesoleil.com<\/a>.<\/p>\n","protected":false},"excerpt":{"rendered":"<p>Article de Patrica Cloutier. Le Soleil. Lorsqu&rsquo;elle fermera ses portes au culte, l&rsquo;\u00e9glise Sainte-Jeanne-d&rsquo;Arc doit \u00e9viter d&rsquo;\u00eatre d\u00e9molie, croit le maire de L\u00e9vis, Gilles Lehouillier. \u00ab J&rsquo;avise les gens qui pourraient \u00eatre int\u00e9ress\u00e9s \u00e0 se porter acqu\u00e9reurs du b\u00e2timent qu&rsquo;avant d&rsquo;envisager la d\u00e9molition, ils sont mieux d&rsquo;y r\u00e9fl\u00e9chir comme il faut avant d&rsquo;acheter. Parce qu&rsquo;on\u2026 <span class=\"read-more\"><a href=\"http:\/\/www.levisurbain.ca\/?p=11345\">Lire la suite &raquo;<\/a><\/span><\/p>\n","protected":false},"author":1,"featured_media":0,"comment_status":"open","ping_status":"open","sticky":false,"template":"","format":"standard","meta":{"footnotes":""},"categories":[65,68],"tags":[],"class_list":["post-11345","post","type-post","status-publish","format-standard","hentry","category-gouvernement","category-patrimoine"],"_links":{"self":[{"href":"http:\/\/www.levisurbain.ca\/index.php?rest_route=\/wp\/v2\/posts\/11345","targetHints":{"allow":["GET"]}}],"collection":[{"href":"http:\/\/www.levisurbain.ca\/index.php?rest_route=\/wp\/v2\/posts"}],"about":[{"href":"http:\/\/www.levisurbain.ca\/index.php?rest_route=\/wp\/v2\/types\/post"}],"author":[{"embeddable":true,"href":"http:\/\/www.levisurbain.ca\/index.php?rest_route=\/wp\/v2\/users\/1"}],"replies":[{"embeddable":true,"href":"http:\/\/www.levisurbain.ca\/index.php?rest_route=%2Fwp%2Fv2%2Fcomments&post=11345"}],"version-history":[{"count":0,"href":"http:\/\/www.levisurbain.ca\/index.php?rest_route=\/wp\/v2\/posts\/11345\/revisions"}],"wp:attachment":[{"href":"http:\/\/www.levisurbain.ca\/index.php?rest_route=%2Fwp%2Fv2%2Fmedia&parent=11345"}],"wp:term":[{"taxonomy":"category","embeddable":true,"href":"http:\/\/www.levisurbain.ca\/index.php?rest_route=%2Fwp%2Fv2%2Fcategories&post=11345"},{"taxonomy":"post_tag","embeddable":true,"href":"http:\/\/www.levisurbain.ca\/index.php?rest_route=%2Fwp%2Fv2%2Ftags&post=11345"}],"curies":[{"name":"wp","href":"https:\/\/api.w.org\/{rel}","templated":true}]}}