{"id":11293,"date":"2017-07-21T16:42:40","date_gmt":"2017-07-21T21:42:40","guid":{"rendered":"http:\/\/www.levisurbain.ca\/?p=11293"},"modified":"2018-02-15T12:52:07","modified_gmt":"2018-02-15T17:52:07","slug":"la-societe-de-transport-de-levis-recoit-plus-de-5m","status":"publish","type":"post","link":"http:\/\/www.levisurbain.ca\/?p=11293","title":{"rendered":"La Soci\u00e9t\u00e9 de transport de L\u00e9vis re\u00e7oit plus de 5M$"},"content":{"rendered":"<p>Article de M\u00e9lanie Labrecque. <a href=\"http:\/\/www.lepeuplelevis.ca\/home.html\" target=\"_blank\" rel=\"noopener\">Le Peuple L\u00e9vis<\/a>.<\/p>\n<div id=\"attachment_11296\" style=\"width: 485px\" class=\"wp-caption aligncenter\"><img loading=\"lazy\" decoding=\"async\" aria-describedby=\"caption-attachment-11296\" class=\"size-full wp-image-11296\" src=\"http:\/\/www.levisurbain.ca\/wp-content\/uploads\/stlevis_peuplelevis_21072017.jpg\" alt=\"\" width=\"475\" height=\"320\" srcset=\"http:\/\/www.levisurbain.ca\/wp-content\/uploads\/stlevis_peuplelevis_21072017.jpg 475w, http:\/\/www.levisurbain.ca\/wp-content\/uploads\/stlevis_peuplelevis_21072017-300x202.jpg 300w\" sizes=\"auto, (max-width: 475px) 100vw, 475px\" \/><p id=\"caption-attachment-11296\" class=\"wp-caption-text\">\u00c0 moyen terme, la STL\u00e9vis souhaiterait remplacer ses autobus hybrides par des bus \u00e9lectriques. \u00a0\u00a9TC Media &#8211; M\u00e9lanie Labrecque.<\/p><\/div>\n<blockquote><p><strong>La Soci\u00e9t\u00e9 de transport de L\u00e9vis (STL\u00e9vis) peut maintenant aller de l\u2019avant avec deux projets majeurs d&rsquo;infrastructure et l\u2019achat de bus hybrides. Les gouvernements du Qu\u00e9bec et du Canada ont confirm\u00e9 ce matin l\u2019octroi d\u2019une importante aide financi\u00e8re qui assure leur r\u00e9alisation.<\/strong><\/p>\n<p>\u00ab Monsieur [Michel] Patry nous a dit que si la<a href=\"https:\/\/www.stlevis.ca\" target=\"_blank\" rel=\"noopener\"> STL\u00e9vis<\/a> n\u2019avait pas re\u00e7u ce financement, il n\u2019y aurait pas eu d\u2019annonce. Je pense qu\u2019on peut se r\u00e9jouir \u00bb, a mentionn\u00e9 la ministre responsable de Chaudi\u00e8re-Appalaches, Dominique Vien. La part des gouvernements repr\u00e9sente 90% de la facture: 2,8 M$ pour le f\u00e9d\u00e9ral et 2,3 M$ pour Qu\u00e9bec.<\/p>\n<p>\u00ab Il y a des opportunit\u00e9s qu\u2019on ne peut pas manquer \u00bb, a ajout\u00e9 le pr\u00e9sident de la STL\u00e9vis, Michel Patry. Il explique que les fonds serviront \u00e0 l\u2019agrandissement du garage de la rue Saint-Omer de plus de 5000 p2. Les travaux d\u00e9buteront prochainement pour s\u2019achever en d\u00e9cembre. \u00ab Il a atteint sa capacit\u00e9 maximale. Nous sommes oblig\u00e9s de laisser des autobus dehors \u00bb, a-t-il illustr\u00e9.<!--more--><\/p>\n<p><a name=\"more\"><\/a>Quant \u00e0 la construction d\u2019un centre de service au terminus Lagueux, dans l\u2019Ouest de la Ville, les sommes serviront au lancement des \u00e9tudes pr\u00e9alables et \u00e0 la r\u00e9alisation des plans et devis. \u00ab Pour les L\u00e9visiens 1 et 3, les chauffeurs doivent partir de la rue Saint-Omer. Les autobus sont vides. \u00c7a leur prend 20 minutes pour commencer leur service. Le soir, ils reviennent aussi \u00e0 vide. \u00c7a s\u2019appelle du temps improductif et \u00e7a a un co\u00fbt. Ce centre leur permettrait de ne plus venir ici. \u00bb<\/p>\n<p>Enfin, la STL\u00e9vis ajoute trois nouveaux bus hybrides \u00e0 sa flotte, ce qui engendrera des \u00e9conomies d\u2019argent et la r\u00e9duction de l\u2019empreinte \u00e9nerg\u00e9tique. Depuis 2016, les autobus hybrides qui parcourent les routes ont g\u00e9n\u00e9r\u00e9 des \u00e9conomies de 165 tonnes de gaz \u00e0 effet de serre et de 65 000 litres de di\u00e9sel.<\/p><\/blockquote>\n<p><!--more--><\/p>\n<p><a href=\"http:\/\/www.lepeuplelevis.ca\" target=\"_blank\" rel=\"noopener noreferrer\"><img loading=\"lazy\" decoding=\"async\" src=\"http:\/\/www.levisurbain.ca\/wp-content\/uploads\/2017\/04\/peuple-levis_2015.jpg\" alt=\"\" width=\"150\" height=\"57\" \/><\/a><br \/>\nArticle reproduit avec autorisation.<\/p>\n","protected":false},"excerpt":{"rendered":"<p>Article de M\u00e9lanie Labrecque. Le Peuple L\u00e9vis. La Soci\u00e9t\u00e9 de transport de L\u00e9vis (STL\u00e9vis) peut maintenant aller de l\u2019avant avec deux projets majeurs d&rsquo;infrastructure et l\u2019achat de bus hybrides. Les gouvernements du Qu\u00e9bec et du Canada ont confirm\u00e9 ce matin l\u2019octroi d\u2019une importante aide financi\u00e8re qui assure leur r\u00e9alisation. \u00ab Monsieur [Michel] Patry nous a\u2026 <span class=\"read-more\"><a href=\"http:\/\/www.levisurbain.ca\/?p=11293\">Lire la suite &raquo;<\/a><\/span><\/p>\n","protected":false},"author":1,"featured_media":0,"comment_status":"open","ping_status":"open","sticky":false,"template":"","format":"standard","meta":{"footnotes":""},"categories":[65,60],"tags":[64],"class_list":["post-11293","post","type-post","status-publish","format-standard","hentry","category-gouvernement","category-transports","tag-stlevis"],"_links":{"self":[{"href":"http:\/\/www.levisurbain.ca\/index.php?rest_route=\/wp\/v2\/posts\/11293","targetHints":{"allow":["GET"]}}],"collection":[{"href":"http:\/\/www.levisurbain.ca\/index.php?rest_route=\/wp\/v2\/posts"}],"about":[{"href":"http:\/\/www.levisurbain.ca\/index.php?rest_route=\/wp\/v2\/types\/post"}],"author":[{"embeddable":true,"href":"http:\/\/www.levisurbain.ca\/index.php?rest_route=\/wp\/v2\/users\/1"}],"replies":[{"embeddable":true,"href":"http:\/\/www.levisurbain.ca\/index.php?rest_route=%2Fwp%2Fv2%2Fcomments&post=11293"}],"version-history":[{"count":0,"href":"http:\/\/www.levisurbain.ca\/index.php?rest_route=\/wp\/v2\/posts\/11293\/revisions"}],"wp:attachment":[{"href":"http:\/\/www.levisurbain.ca\/index.php?rest_route=%2Fwp%2Fv2%2Fmedia&parent=11293"}],"wp:term":[{"taxonomy":"category","embeddable":true,"href":"http:\/\/www.levisurbain.ca\/index.php?rest_route=%2Fwp%2Fv2%2Fcategories&post=11293"},{"taxonomy":"post_tag","embeddable":true,"href":"http:\/\/www.levisurbain.ca\/index.php?rest_route=%2Fwp%2Fv2%2Ftags&post=11293"}],"curies":[{"name":"wp","href":"https:\/\/api.w.org\/{rel}","templated":true}]}}