{"id":11268,"date":"2017-07-20T12:59:05","date_gmt":"2017-07-20T17:59:05","guid":{"rendered":"http:\/\/www.levisurbain.ca\/?p=11268"},"modified":"2018-02-15T12:53:48","modified_gmt":"2018-02-15T17:53:48","slug":"modifications-a-la-circulation-pres-du-quai-paquet","status":"publish","type":"post","link":"http:\/\/www.levisurbain.ca\/?p=11268","title":{"rendered":"Modifications \u00e0 la circulation pr\u00e8s du quai Paquet"},"content":{"rendered":"<p>Article de Val\u00e9rie Maltais. <a href=\"http:\/\/www.journaldelevis.com\/fr\/accueil.aspx\" target=\"_blank\" rel=\"noopener\">Le Journal de L\u00e9vis.<\/a><\/p>\n<p style=\"text-align: center;\"><img loading=\"lazy\" decoding=\"async\" class=\"aligncenter size-full wp-image-11272\" src=\"http:\/\/www.levisurbain.ca\/wp-content\/uploads\/quai_paquet_jdlevis_20072017.jpg\" alt=\"\" width=\"475\" height=\"320\" srcset=\"http:\/\/www.levisurbain.ca\/wp-content\/uploads\/quai_paquet_jdlevis_20072017.jpg 475w, http:\/\/www.levisurbain.ca\/wp-content\/uploads\/quai_paquet_jdlevis_20072017-300x202.jpg 300w\" sizes=\"auto, (max-width: 475px) 100vw, 475px\" \/><\/p>\n<blockquote><p><strong>Quelques modifications \u00e0 la circulation ont \u00e9t\u00e9 \u00e9mises par la Ville dans le cadre du Rendez-vous 2017, pr\u00e9sent\u00e9 jusqu&rsquo;au 23 juillet, afin d&rsquo;assurer la s\u00e9curit\u00e9 des visiteurs sur le site du quai Paquet.<\/strong><\/p>\n<p>Selon l&rsquo;achalandage, il y a possibilit\u00e9 de fermeture de la rue Saint-Laurent en direction est, entre la c\u00f4te Rochette et la c\u00f4te Louis-Fr\u00e9chette, ainsi qu&rsquo;entre la rue Caldwell et la c\u00f4te Louis-Fr\u00e9chette, avec point de filtrage \u00e0 l&rsquo;intersection des rues Caldwell et Saint-Laurent.<\/p>\n<p>Il sera interdit de se stationner sur la rue Saint-Laurent, entre la rue Laurier et la rue Saint-Omer, aux endroits identifi\u00e9s, afin de permettre la circulation sur deux voies en tout temps, ainsi que sur le c\u00f4t\u00e9 sud de la rue Saint-Laurent, entre la c\u00f4te Louis-Fr\u00e9chette et le parc de l&rsquo;Anse-Tibbits.<\/p>\n<p>Notons que la Direction du service de police de la Ville de L\u00e9vis se r\u00e9serve le droit d&rsquo;apporter des modifications en tout temps au plan de circulation initial. Une signalisation appropri\u00e9e sera mise en place pour faciliter les d\u00e9placements des automobilistes et des r\u00e9sidents du secteur.<br \/>\nCes mesures seront \u00e9galement valides lors du <a href=\"http:\/\/quaipaquetlevis.com\/surface\/\" target=\"_blank\" rel=\"noopener\">spectacle Surface<\/a>, tenu du 27 au 29 juillet, aussi sur le quai Paquet.<\/p><\/blockquote>\n<p><a href=\"http:\/\/www.journaldelevis.com\/\" target=\"_blank\" rel=\"noopener noreferrer\"><img decoding=\"async\" src=\"http:\/\/www.levisurbain.ca\/wp-content\/uploads\/2017\/04\/jdl_logo2012.png\" alt=\"\" \/><\/a><br \/>\nReproduit avec autorisation.<\/p>\n","protected":false},"excerpt":{"rendered":"<p>Article de Val\u00e9rie Maltais. Le Journal de L\u00e9vis. Quelques modifications \u00e0 la circulation ont \u00e9t\u00e9 \u00e9mises par la Ville dans le cadre du Rendez-vous 2017, pr\u00e9sent\u00e9 jusqu&rsquo;au 23 juillet, afin d&rsquo;assurer la s\u00e9curit\u00e9 des visiteurs sur le site du quai Paquet. Selon l&rsquo;achalandage, il y a possibilit\u00e9 de fermeture de la rue Saint-Laurent en direction\u2026 <span class=\"read-more\"><a href=\"http:\/\/www.levisurbain.ca\/?p=11268\">Lire la suite &raquo;<\/a><\/span><\/p>\n","protected":false},"author":1,"featured_media":0,"comment_status":"open","ping_status":"open","sticky":false,"template":"","format":"standard","meta":{"footnotes":""},"categories":[57,60],"tags":[62],"class_list":["post-11268","post","type-post","status-publish","format-standard","hentry","category-sports-arts-loisirs","category-transports","tag-traverse-de-levis"],"_links":{"self":[{"href":"http:\/\/www.levisurbain.ca\/index.php?rest_route=\/wp\/v2\/posts\/11268","targetHints":{"allow":["GET"]}}],"collection":[{"href":"http:\/\/www.levisurbain.ca\/index.php?rest_route=\/wp\/v2\/posts"}],"about":[{"href":"http:\/\/www.levisurbain.ca\/index.php?rest_route=\/wp\/v2\/types\/post"}],"author":[{"embeddable":true,"href":"http:\/\/www.levisurbain.ca\/index.php?rest_route=\/wp\/v2\/users\/1"}],"replies":[{"embeddable":true,"href":"http:\/\/www.levisurbain.ca\/index.php?rest_route=%2Fwp%2Fv2%2Fcomments&post=11268"}],"version-history":[{"count":0,"href":"http:\/\/www.levisurbain.ca\/index.php?rest_route=\/wp\/v2\/posts\/11268\/revisions"}],"wp:attachment":[{"href":"http:\/\/www.levisurbain.ca\/index.php?rest_route=%2Fwp%2Fv2%2Fmedia&parent=11268"}],"wp:term":[{"taxonomy":"category","embeddable":true,"href":"http:\/\/www.levisurbain.ca\/index.php?rest_route=%2Fwp%2Fv2%2Fcategories&post=11268"},{"taxonomy":"post_tag","embeddable":true,"href":"http:\/\/www.levisurbain.ca\/index.php?rest_route=%2Fwp%2Fv2%2Ftags&post=11268"}],"curies":[{"name":"wp","href":"https:\/\/api.w.org\/{rel}","templated":true}]}}