{"id":11263,"date":"2017-07-20T12:54:57","date_gmt":"2017-07-20T17:54:57","guid":{"rendered":"http:\/\/www.levisurbain.ca\/?p=11263"},"modified":"2018-02-15T12:54:14","modified_gmt":"2018-02-15T17:54:14","slug":"place-aux-grands-voiliers-du-rendez-vous-2017","status":"publish","type":"post","link":"http:\/\/www.levisurbain.ca\/?p=11263","title":{"rendered":"Place aux grands voiliers du Rendez-vous 2017"},"content":{"rendered":"<p>Article de Val\u00e9rie Maltais. <a href=\"http:\/\/www.journaldelevis.com\/fr\/accueil.aspx\" target=\"_blank\" rel=\"noopener\">Le Journal de L\u00e9vis<\/a>.<\/p>\n<p style=\"text-align: center;\"><img loading=\"lazy\" decoding=\"async\" class=\"aligncenter size-full wp-image-11265\" src=\"http:\/\/www.levisurbain.ca\/wp-content\/uploads\/rendezvous_jdlevis-20072017.jpg\" alt=\"\" width=\"475\" height=\"320\" srcset=\"http:\/\/www.levisurbain.ca\/wp-content\/uploads\/rendezvous_jdlevis-20072017.jpg 475w, http:\/\/www.levisurbain.ca\/wp-content\/uploads\/rendezvous_jdlevis-20072017-300x202.jpg 300w\" sizes=\"auto, (max-width: 475px) 100vw, 475px\" \/><\/p>\n<blockquote><p><strong>La population de L\u00e9vis est invit\u00e9e d\u00e8s maintenant au quai Paquet afin de prendre part au Rendez-vous 2017. Cette course de grands voiliers fait escale \u00e0 L\u00e9vis et \u00e0 Qu\u00e9bec, du 18 au 23 juillet, dans le cadre des festivit\u00e9s entourant le 150e anniversaire du Canada.<\/strong><\/p>\n<p>\u00ab Rendez-vous 2017 est une occasion unique de c\u00e9l\u00e9brer le fleuve Saint-Laurent dans toute sa splendeur, et si ce n&rsquo;est d\u00e9j\u00e0 fait, de d\u00e9couvrir le quai Paquet, qui avec sa fontaine, la plus puissante du genre au Canada, offrira des points de vue exceptionnels sur l&rsquo;arriv\u00e9e des voiliers \u00bb, a d\u00e9clar\u00e9 le maire Gilles Lehouillier.<br \/>\nRappelons que ce rassemblement marque une pause dans une course de plus de 7 000 milles nautiques, qui s&rsquo;\u00e9chelonne sur pr\u00e8s de cinq mois en 2017.<\/p>\n<p><strong>Visite du Guayas<\/strong><br \/>\nEn plus d&rsquo;\u00eatre t\u00e9moins de la vue qu&rsquo;offrira la flotte d&rsquo;une quarantaine de grands voiliers lorsqu&rsquo;elle naviguera sur le fleuve, les L\u00e9visiens auront aussi la chance de mettre le pied \u00e0 bord du Guayas.<\/p>\n<p>\u00ab Ce voilier, construit en 1978 et vou\u00e9 \u00e0 la formation des apprentis officiers de marine, doit son nom au fleuve au bord duquel l&rsquo;\u00c9cole navale sup\u00e9rieure \u00e9quatorienne se trouve. D&rsquo;ailleurs, les \u00e9tudiants qui y montent \u00e0 bord y re\u00e7oivent leur instruction finale avant d&rsquo;int\u00e9grer la Marine \u00e9quatorienne \u00bb, indique-t-on dans le communiqu\u00e9.<\/p>\n<p>Ce trois-m\u00e2ts barque, originaire de l&rsquo;\u00c9quateur, est arriv\u00e9 le 17 juillet en soir\u00e9e et il sera possible de le visiter \u00e0 partir de 14h30 le 19 juillet, et de 11h \u00e0 17h les autres journ\u00e9es. Notez toutefois que les horaires de visite du Guayas sont \u00e0 la discr\u00e9tion du capitaine et modifiable sans pr\u00e9avis.<!--more--><\/p>\n<p><a name\"more\"><\/a><strong>Une programmation diversifi\u00e9e<\/strong><br \/>\nUne panoplie d&rsquo;activit\u00e9s sont organis\u00e9es en marge de l&rsquo;\u00e9v\u00e9nement, notamment avec l&rsquo;installation d&rsquo;une sc\u00e8ne principale sur le quai Paquet. Des chansonniers fouleront les planches tous les jours de 17h \u00e0 19h30, entre autres le groupe l\u00e9visien Roadblues Band (21 juillet, 20h).<\/p>\n<p>Aussi, une navette cont\u00e9e, o\u00f9 les citoyens se feront raconter le fleuve en longeant sa rive \u00e0 bord d&rsquo;un minibus, est pr\u00e9vue toutes les 45 minutes entre 10h30 et 16h30 (sauf le dimanche \u00e0 partir de 14h15). De plus, la population est invit\u00e9e \u00e0 lever les yeux au ciel le 22 juillet d\u00e8s 22h pour la pr\u00e9sentation d&rsquo;un feu d&rsquo;artifice. La programmation compl\u00e8te est disponible au quaipaquetlevis.com.<br \/>\nEnfin, les navires quitteront les villes de Qu\u00e9bec et de L\u00e9vis vers 8h dimanche matin. Le journaliste Gilles Jobidon commentera la parade \u00e0 partir de 9h au quai Paquet.<\/p>\n<p><strong>Pr\u00e9voir ses d\u00e9placements<\/strong><br \/>\nAfin d&rsquo;\u00e9viter les travaux en cours sur la rue St-Laurent, \u00e0 L\u00e9vis, la Ville recommande aux citoyens d&rsquo;utiliser la Navette Paquet, qui passe aux Galeries Chagnon toutes les 20 minutes. Les usagers pourront ainsi se rendre directement sur le quai Paquet.<\/p>\n<p>De son c\u00f4t\u00e9, la Soci\u00e9t\u00e9 des traversiers du Qu\u00e9bec tient \u00e0 aviser sa client\u00e8le qu&rsquo;elle anticipe un achalandage accru aux abords des gares fluviales, \u00e0 Qu\u00e9bec et \u00e0 L\u00e9vis, tout au long du Rendez-vous 2017. Ainsi, elle rappelle qu&rsquo;il est important de pr\u00e9voir plus de temps pour ses d\u00e9placements d&rsquo;ici au 23 juillet, particuli\u00e8rement les automobilistes.<\/p><\/blockquote>\n<p><a href=\"http:\/\/www.journaldelevis.com\/\" target=\"_blank\" rel=\"noopener noreferrer\"><img decoding=\"async\" src=\"http:\/\/www.levisurbain.ca\/wp-content\/uploads\/2017\/04\/jdl_logo2012.png\" alt=\"\" \/><\/a><br \/>\nReproduit avec autorisation.<\/p>\n","protected":false},"excerpt":{"rendered":"<p>Article de Val\u00e9rie Maltais. Le Journal de L\u00e9vis. La population de L\u00e9vis est invit\u00e9e d\u00e8s maintenant au quai Paquet afin de prendre part au Rendez-vous 2017. Cette course de grands voiliers fait escale \u00e0 L\u00e9vis et \u00e0 Qu\u00e9bec, du 18 au 23 juillet, dans le cadre des festivit\u00e9s entourant le 150e anniversaire du Canada. \u00ab\u2026 <span class=\"read-more\"><a href=\"http:\/\/www.levisurbain.ca\/?p=11263\">Lire la suite &raquo;<\/a><\/span><\/p>\n","protected":false},"author":1,"featured_media":0,"comment_status":"open","ping_status":"open","sticky":false,"template":"","format":"standard","meta":{"footnotes":""},"categories":[57],"tags":[62],"class_list":["post-11263","post","type-post","status-publish","format-standard","hentry","category-sports-arts-loisirs","tag-traverse-de-levis"],"_links":{"self":[{"href":"http:\/\/www.levisurbain.ca\/index.php?rest_route=\/wp\/v2\/posts\/11263","targetHints":{"allow":["GET"]}}],"collection":[{"href":"http:\/\/www.levisurbain.ca\/index.php?rest_route=\/wp\/v2\/posts"}],"about":[{"href":"http:\/\/www.levisurbain.ca\/index.php?rest_route=\/wp\/v2\/types\/post"}],"author":[{"embeddable":true,"href":"http:\/\/www.levisurbain.ca\/index.php?rest_route=\/wp\/v2\/users\/1"}],"replies":[{"embeddable":true,"href":"http:\/\/www.levisurbain.ca\/index.php?rest_route=%2Fwp%2Fv2%2Fcomments&post=11263"}],"version-history":[{"count":0,"href":"http:\/\/www.levisurbain.ca\/index.php?rest_route=\/wp\/v2\/posts\/11263\/revisions"}],"wp:attachment":[{"href":"http:\/\/www.levisurbain.ca\/index.php?rest_route=%2Fwp%2Fv2%2Fmedia&parent=11263"}],"wp:term":[{"taxonomy":"category","embeddable":true,"href":"http:\/\/www.levisurbain.ca\/index.php?rest_route=%2Fwp%2Fv2%2Fcategories&post=11263"},{"taxonomy":"post_tag","embeddable":true,"href":"http:\/\/www.levisurbain.ca\/index.php?rest_route=%2Fwp%2Fv2%2Ftags&post=11263"}],"curies":[{"name":"wp","href":"https:\/\/api.w.org\/{rel}","templated":true}]}}