{"id":11258,"date":"2017-07-20T11:39:34","date_gmt":"2017-07-20T16:39:34","guid":{"rendered":"http:\/\/www.levisurbain.ca\/?p=11258"},"modified":"2018-02-15T12:54:27","modified_gmt":"2018-02-15T17:54:27","slug":"passerelle-harlaka-maintenant-inauguree","status":"publish","type":"post","link":"http:\/\/www.levisurbain.ca\/?p=11258","title":{"rendered":"Passerelle Harlaka : Maintenant inaugur\u00e9e"},"content":{"rendered":"<p>Article de Louis-Phillipe Samson. <a href=\"http:\/\/www.journaldelevis.com\" target=\"_blank\" rel=\"noopener\">Le Journal de L\u00e9vis<\/a>.<\/p>\n<blockquote><p><strong>C&rsquo;est le 19 juillet que la passerelle Harlaka, reliant les r\u00e9seaux cyclables de L\u00e9vis et Bellechasse, a \u00e9t\u00e9 inaugur\u00e9e par le maire Gilles Lehouillier et la ministre responsable de Chaudi\u00e8re-Appalaches et d\u00e9put\u00e9 de Bellechasse, Dominique Viens. D\u00e9j\u00e0, on consid\u00e8re la passerelle comme un moyen d&rsquo;\u00e9tablir des liens importants entre L\u00e9vis et Bellechasse.<\/strong><\/p>\n<p>R\u00e9alis\u00e9e au co\u00fbt de 3,5 millions $, dont pr\u00e8s de 50 % provenant du gouvernement qu\u00e9b\u00e9cois, la passerelle \u00e9tait un projet qui \u00e9tait tr\u00e8s attendu autant dans Bellechasse que L\u00e9vis. \u00ab Nous avons re\u00e7u plusieurs messages positifs de citoyens sur la passerelle depuis l&rsquo;annonce du projet, signale le maire. M\u00eame des gens de l&rsquo;est du Qu\u00e9bec nous en ont parl\u00e9. \u00bb<\/p>\n<p>Pr\u00e9vue pour la mi-juin, l&rsquo;inauguration aura \u00e9t\u00e9 retard\u00e9e d&rsquo;un peu plus de trois semaines. Ce qui s&rsquo;explique par la gr\u00e8ve de la construction au d\u00e9but du mois de juin et surtout la m\u00e9t\u00e9o capricieuse, comme l&rsquo;a soulign\u00e9 le premier magistrat de L\u00e9vis. \u00ab On ne consid\u00e8re pas que c&rsquo;est un retard significatif dans ce cas-ci, on savait qu&rsquo;il pourrait y avoir quelques semaines de diff\u00e9rence \u00bb, ajoute M. Lehouillier.<\/p>\n<p>Longue de 90 m\u00e8tres, la passerelle permet dor\u00e9navant de relier ensemble plusieurs secteurs de L\u00e9vis, \u00e0 l&rsquo;aide d&rsquo;un r\u00e9seau cyclable exclusif, aux \u00ab 74 km de pur bonheur \u00bb, comme le qualifie la ministre Viens, du r\u00e9seau cyclable de Bellechasse.<\/p>\n<p>\u00ab C&rsquo;est une infrastructure qui nous reliera de plus en plus loin, affirme la politicienne. C&rsquo;est un \u00e9quipement s\u00e9curitaire qui donnera des retomb\u00e9es \u00e9conomiques importantes \u00e0 L\u00e9vis et Bellechasse. \u00bb Question de marquer le nouveau lien, une enseigne \u00ab L\u00e9vis-Bellechasse \u00bb, accompagn\u00e9e d&rsquo;un cycliste, a \u00e9t\u00e9 install\u00e9e de chaque c\u00f4t\u00e9.<!--more--><\/p>\n<p><a name=\"more\"><\/a>Questionn\u00e9 sur le fait qu&rsquo;il n&rsquo;y a pas de corridor r\u00e9serv\u00e9 aux pi\u00e9tons, le maire Lehouillier a r\u00e9pondu que la passerelle leur sera tout aussi s\u00e9curitaire. \u00ab La piste est large de quatre m\u00e8tres. On voit habituellement des trois m\u00e8tres, mais, avec quatre, on s&rsquo;assure qu&rsquo;il aura amplement d&rsquo;espace pour que tout le monde puisse passer \u00bb, ajoute M. Lehouillier.<\/p>\n<p>\u00c9galement, deux kilom\u00e8tres de piste cyclable et des talus d&rsquo;approche ont \u00e9t\u00e9 construits en lien avec le projet. Les remblais d&rsquo;approche de la passerelle ont n\u00e9cessit\u00e9 pas moins de 27 500 m\u00e8tres cubes, soit 3 000 voyages de camions, de terre provenant de chantiers en cours \u00e0 L\u00e9vis.<\/p>\n<p><strong>Des motoneiges d\u00e8s cet hiver ?<\/strong><br \/>\nOn a construit le pont afin qu&rsquo;il r\u00e9ponde aux normes du MTQ pour la circulation des motoneiges. Cependant, leur passage pourrait devoir attendre \u00e0 l&rsquo;hiver 2018-19. En effet, plusieurs options sont encore \u00e0 l&rsquo;\u00e9tude. Le maire entend rencontrer d\u00e8s le mois d&rsquo;ao\u00fbt les clubs de motoneige de Chaudi\u00e8re-Appalaches afin de conna\u00eetre leurs besoins.<\/p>\n<p>On ouvre m\u00eame la porte \u00e0 un projet 100 % priv\u00e9 s&rsquo;il le faut. \u00ab On regarde si on ne pourrait pas construire un stationnement incitatif \u00e0 proximit\u00e9 ou encore un chalet pour les motoneigistes, commente le maire. C&rsquo;est un dossier qu&rsquo;on esp\u00e8re r\u00e9gler le plus t\u00f4t possible. \u00bb<\/p><\/blockquote>\n<p><a href=\"http:\/\/www.journaldelevis.com\/\" target=\"_blank\" rel=\"noopener noreferrer\"><img decoding=\"async\" src=\"http:\/\/www.levisurbain.ca\/wp-content\/uploads\/2017\/04\/jdl_logo2012.png\" alt=\"\" \/><\/a><br \/>\nReproduit avec autorisation.<\/p>\n","protected":false},"excerpt":{"rendered":"<p>Article de Louis-Phillipe Samson. Le Journal de L\u00e9vis. C&rsquo;est le 19 juillet que la passerelle Harlaka, reliant les r\u00e9seaux cyclables de L\u00e9vis et Bellechasse, a \u00e9t\u00e9 inaugur\u00e9e par le maire Gilles Lehouillier et la ministre responsable de Chaudi\u00e8re-Appalaches et d\u00e9put\u00e9 de Bellechasse, Dominique Viens. D\u00e9j\u00e0, on consid\u00e8re la passerelle comme un moyen d&rsquo;\u00e9tablir des liens\u2026 <span class=\"read-more\"><a href=\"http:\/\/www.levisurbain.ca\/?p=11258\">Lire la suite &raquo;<\/a><\/span><\/p>\n","protected":false},"author":5,"featured_media":0,"comment_status":"open","ping_status":"open","sticky":false,"template":"","format":"standard","meta":{"footnotes":""},"categories":[65,60],"tags":[],"class_list":["post-11258","post","type-post","status-publish","format-standard","hentry","category-gouvernement","category-transports"],"_links":{"self":[{"href":"http:\/\/www.levisurbain.ca\/index.php?rest_route=\/wp\/v2\/posts\/11258","targetHints":{"allow":["GET"]}}],"collection":[{"href":"http:\/\/www.levisurbain.ca\/index.php?rest_route=\/wp\/v2\/posts"}],"about":[{"href":"http:\/\/www.levisurbain.ca\/index.php?rest_route=\/wp\/v2\/types\/post"}],"author":[{"embeddable":true,"href":"http:\/\/www.levisurbain.ca\/index.php?rest_route=\/wp\/v2\/users\/5"}],"replies":[{"embeddable":true,"href":"http:\/\/www.levisurbain.ca\/index.php?rest_route=%2Fwp%2Fv2%2Fcomments&post=11258"}],"version-history":[{"count":0,"href":"http:\/\/www.levisurbain.ca\/index.php?rest_route=\/wp\/v2\/posts\/11258\/revisions"}],"wp:attachment":[{"href":"http:\/\/www.levisurbain.ca\/index.php?rest_route=%2Fwp%2Fv2%2Fmedia&parent=11258"}],"wp:term":[{"taxonomy":"category","embeddable":true,"href":"http:\/\/www.levisurbain.ca\/index.php?rest_route=%2Fwp%2Fv2%2Fcategories&post=11258"},{"taxonomy":"post_tag","embeddable":true,"href":"http:\/\/www.levisurbain.ca\/index.php?rest_route=%2Fwp%2Fv2%2Ftags&post=11258"}],"curies":[{"name":"wp","href":"https:\/\/api.w.org\/{rel}","templated":true}]}}