{"id":11246,"date":"2017-07-15T09:53:00","date_gmt":"2017-07-15T14:53:00","guid":{"rendered":"http:\/\/www.levisurbain.ca\/?p=11246"},"modified":"2018-02-15T12:56:08","modified_gmt":"2018-02-15T17:56:08","slug":"letebus-un-bon-moyen-pour-se-rendre-au-quai-paquet","status":"publish","type":"post","link":"http:\/\/www.levisurbain.ca\/?p=11246","title":{"rendered":"L&rsquo;\u00c9t\u00e9bus, un bon moyen pour se rendre au Quai Paquet"},"content":{"rendered":"<p>Je ne suis pas friand du transport en commun mais hier j&rsquo;ai pris l&rsquo;\u00c9t\u00e9bus pour me rendre au Quai Paquet et prendre une bouch\u00e9e dans un resto du coin.<\/p>\n<p>Je dois dire que pour 2$ par passage, cela en vaut vraiment le co\u00fbt. Sans compter tous les travaux sur la rue St-Laurent pr\u00e8s des traversiers qui perturbent la circulation.<\/p>\n<p>Alors, vous vous stationnez aux Galeries Chagnon, pr\u00e8s de l&rsquo;abribus qui se trouve sur le boulevard Guillaume-Couture et vous prenez la Navette Paquet (Bien identifi\u00e9e) qui vous am\u00e8ne au d\u00e9barcad\u00e8re de la traverse L\u00e9vis-Qu\u00e9bec.<br \/>\nLe retour est tout aussi agr\u00e9able car on se laisse reconduire au point d&rsquo;origine. Les horaires peuvent vari\u00e9s selon les conditions de pluie.<\/p>\n<p>Bravo pour cette initiative.<\/p>\n<p>Pour en conna\u00eetre plus sur l&rsquo;\u00c9t\u00e9bus, c&rsquo;est <a href=\"https:\/\/www.stlevis.ca\/etebus\" target=\"_blank\" rel=\"noopener\">ici<\/a>&#8230;<\/p>\n","protected":false},"excerpt":{"rendered":"<p>Je ne suis pas friand du transport en commun mais hier j&rsquo;ai pris l&rsquo;\u00c9t\u00e9bus pour me rendre au Quai Paquet et prendre une bouch\u00e9e dans un resto du coin. Je dois dire que pour 2$ par passage, cela en vaut vraiment le co\u00fbt. Sans compter tous les travaux sur la rue St-Laurent pr\u00e8s des traversiers\u2026 <span class=\"read-more\"><a href=\"http:\/\/www.levisurbain.ca\/?p=11246\">Lire la suite &raquo;<\/a><\/span><\/p>\n","protected":false},"author":1,"featured_media":0,"comment_status":"open","ping_status":"open","sticky":false,"template":"","format":"standard","meta":{"footnotes":""},"categories":[60],"tags":[62],"class_list":["post-11246","post","type-post","status-publish","format-standard","hentry","category-transports","tag-traverse-de-levis"],"_links":{"self":[{"href":"http:\/\/www.levisurbain.ca\/index.php?rest_route=\/wp\/v2\/posts\/11246","targetHints":{"allow":["GET"]}}],"collection":[{"href":"http:\/\/www.levisurbain.ca\/index.php?rest_route=\/wp\/v2\/posts"}],"about":[{"href":"http:\/\/www.levisurbain.ca\/index.php?rest_route=\/wp\/v2\/types\/post"}],"author":[{"embeddable":true,"href":"http:\/\/www.levisurbain.ca\/index.php?rest_route=\/wp\/v2\/users\/1"}],"replies":[{"embeddable":true,"href":"http:\/\/www.levisurbain.ca\/index.php?rest_route=%2Fwp%2Fv2%2Fcomments&post=11246"}],"version-history":[{"count":0,"href":"http:\/\/www.levisurbain.ca\/index.php?rest_route=\/wp\/v2\/posts\/11246\/revisions"}],"wp:attachment":[{"href":"http:\/\/www.levisurbain.ca\/index.php?rest_route=%2Fwp%2Fv2%2Fmedia&parent=11246"}],"wp:term":[{"taxonomy":"category","embeddable":true,"href":"http:\/\/www.levisurbain.ca\/index.php?rest_route=%2Fwp%2Fv2%2Fcategories&post=11246"},{"taxonomy":"post_tag","embeddable":true,"href":"http:\/\/www.levisurbain.ca\/index.php?rest_route=%2Fwp%2Fv2%2Ftags&post=11246"}],"curies":[{"name":"wp","href":"https:\/\/api.w.org\/{rel}","templated":true}]}}