{"id":11218,"date":"2017-07-05T22:27:50","date_gmt":"2017-07-06T03:27:50","guid":{"rendered":"http:\/\/www.levisurbain.ca\/?p=11218"},"modified":"2017-07-05T22:27:50","modified_gmt":"2017-07-06T03:27:50","slug":"le-concept-des-sentiers-de-saint-nicolas-devoile","status":"publish","type":"post","link":"http:\/\/www.levisurbain.ca\/?p=11218","title":{"rendered":"Le concept des sentiers de Saint-Nicolas d\u00e9voil\u00e9"},"content":{"rendered":"<p>Article de \u00c9rick Desch\u00eanes. <a href=\"http:\/\/www.journaldelevis.com\/\" target=\"_blank\">Le Journal de L\u00e9vis<\/a>.<\/p>\n<blockquote><p><strong>C&rsquo;est en pr\u00e9sence des dirigeants de Revitalisation Village Saint-Nicolas et du conseiller municipal de ce secteur, Cl\u00e9ment Genest, que le maire de L\u00e9vis, Gilles Lehouillier, a pr\u00e9sent\u00e9 le 5 juillet le concept d&rsquo;am\u00e9nagement des Sentiers r\u00e9cr\u00e9atifs de Saint-Nicolas.<\/strong><\/p>\n<p>\u00ab Quand on arrive ici, on est dans un milieu de vie o\u00f9 le temps et l&rsquo;espace prennent une autre dimension. C&rsquo;est magnifique. Ce que nous annon\u00e7ons ce matin, c&rsquo;est vraiment une avanc\u00e9e impressionnante (pour mettre en valeur ce secteur) \u00bb, a d\u00e9clar\u00e9 le premier magistrat lors d&rsquo;un point de presse au c\u0153ur du village de Saint-Nicolas.<\/p>\n<p>Rappelons d&#8217;embl\u00e9e que ce projet pris en charge par Revitalisation Village Saint-Nicolas, consiste en un nouveau parc lin\u00e9aire mettant en valeur le secteur du village patrimonial de ce quartier accessible aux pi\u00e9tons l&rsquo;\u00e9t\u00e9 et l&rsquo;hiver, ainsi qu&rsquo;aux raquetteurs lors de cette saison. Concr\u00e8tement, il s&rsquo;agit de l&rsquo;am\u00e9nagement pour la somme de 715 000 $ d&rsquo;un sentier d&rsquo;une dizaine de kilom\u00e8tres reliant quatre p\u00f4les d&rsquo;int\u00e9r\u00eat : la plage du Quai, l&rsquo;anse Ross, le parc de la Montagne et le parc situ\u00e9 sur le site de l&rsquo;ancienne tour d&rsquo;eau.<\/p>\n<p>D\u00e9j\u00e0, des travaux ont \u00e9t\u00e9 r\u00e9alis\u00e9s en 2015 et en 2016 pour une somme de 116 700 $. Ces derniers comprenaient l&rsquo;\u00e9laboration des plans et devis, l&rsquo;acquisition de terrains et la finalisation du sentier pi\u00e9tonnier reliant la rue du Layon au parc de la Tour d&rsquo;eau et \u00e0 la rue de la Sommi\u00e8re.<\/p>\n<p>Cette ann\u00e9e, les travaux estim\u00e9s \u00e0 332 300 $ permettront l&rsquo;\u00e9laboration des plans et devis, la construction d&rsquo;une passerelle au-dessus de la rivi\u00e8re Aulneuse, l&rsquo;acquisition de terrains en p\u00e9riph\u00e9rie de cette infrastructure, le d\u00e9placement de l&rsquo;entr\u00e9e \u00e9lectrique et l&rsquo;am\u00e9nagement du stationnement de l&rsquo;anse Ross.<!--more--><\/p>\n<p><a name=\"more\"><\/a>Enfin, l&rsquo;an prochain, 266 000 $ seront investis pour am\u00e9nager des acc\u00e8s \u00e0 la passerelle, de l&rsquo;anse Ross, de la plage du Quai et du sentier du parc de la Montagne. C&rsquo;est aussi en 2018 que le nouveau parc lin\u00e9aire sera officiellement inaugur\u00e9.<\/p>\n<p><strong>Baignade possible dans le secteur ?<\/strong><br \/>\nEn plus de mettre en valeur la beaut\u00e9 du village de Saint-Nicolas et gr\u00e2ce notamment \u00e0 la signature d&rsquo;une promesse d&rsquo;achat de 1,5 M$ par la Ville de L\u00e9vis de deux terrains en bordure du fleuve appartenant \u00e0 des communaut\u00e9s religieuses, les Sentiers r\u00e9cr\u00e9atifs de Saint-Nicolas permettront aux citoyens d&rsquo;avoir diff\u00e9rents acc\u00e8s au fleuve Saint-Laurent.<\/p>\n<p>D&rsquo;ailleurs, toujours dans ce but, le maire de L\u00e9vis a confirm\u00e9 ce que Le Soleil d\u00e9voilait plus t\u00f4t en juin. En effet, l&rsquo;ancien quai Baker, situ\u00e9 pr\u00e8s des deux terrains que la municipalit\u00e9 a promis d&rsquo;acheter, est l&rsquo;un des trois sites retenus par la Ville qui ont potentiel pour accueillir dans les prochaines ann\u00e9es une plage publique o\u00f9 la baignade dans le fleuve serait permise.<\/p>\n<p>\u00ab On est en train de faire des tests d&rsquo;eau le long du fleuve pour le retour de la baignade. Qu&rsquo;est-ce qu&rsquo;on a constat\u00e9? C&rsquo;est que cette zone-ci est propice \u00e0 la baignade. Jusqu&rsquo;\u00e0 maintenant, les tests d&rsquo;eau sont positifs. On va poursuivre nos analyses, mais il se pourrait qu&rsquo;on puisse d\u00e9velopper un magnifique endroit (pour la baignade) \u00bb, a conclu Gilles Lehouillier.<\/p><\/blockquote>\n<p><a href=\"http:\/\/www.journaldelevis.com\/\" target=\"_blank\" rel=\"noopener noreferrer\"><img decoding=\"async\" src=\"http:\/\/www.levisurbain.ca\/wp-content\/uploads\/2017\/04\/jdl_logo2012.png\" alt=\"\" \/><\/a><br \/>\nReproduit avec autorisation.<\/p>\n","protected":false},"excerpt":{"rendered":"<p>Article de \u00c9rick Desch\u00eanes. Le Journal de L\u00e9vis. C&rsquo;est en pr\u00e9sence des dirigeants de Revitalisation Village Saint-Nicolas et du conseiller municipal de ce secteur, Cl\u00e9ment Genest, que le maire de L\u00e9vis, Gilles Lehouillier, a pr\u00e9sent\u00e9 le 5 juillet le concept d&rsquo;am\u00e9nagement des Sentiers r\u00e9cr\u00e9atifs de Saint-Nicolas. \u00ab Quand on arrive ici, on est dans un\u2026 <span class=\"read-more\"><a href=\"http:\/\/www.levisurbain.ca\/?p=11218\">Lire la suite &raquo;<\/a><\/span><\/p>\n","protected":false},"author":5,"featured_media":0,"comment_status":"open","ping_status":"open","sticky":false,"template":"","format":"standard","meta":{"footnotes":""},"categories":[1],"tags":[],"class_list":["post-11218","post","type-post","status-publish","format-standard","hentry","category-non-classe"],"_links":{"self":[{"href":"http:\/\/www.levisurbain.ca\/index.php?rest_route=\/wp\/v2\/posts\/11218","targetHints":{"allow":["GET"]}}],"collection":[{"href":"http:\/\/www.levisurbain.ca\/index.php?rest_route=\/wp\/v2\/posts"}],"about":[{"href":"http:\/\/www.levisurbain.ca\/index.php?rest_route=\/wp\/v2\/types\/post"}],"author":[{"embeddable":true,"href":"http:\/\/www.levisurbain.ca\/index.php?rest_route=\/wp\/v2\/users\/5"}],"replies":[{"embeddable":true,"href":"http:\/\/www.levisurbain.ca\/index.php?rest_route=%2Fwp%2Fv2%2Fcomments&post=11218"}],"version-history":[{"count":0,"href":"http:\/\/www.levisurbain.ca\/index.php?rest_route=\/wp\/v2\/posts\/11218\/revisions"}],"wp:attachment":[{"href":"http:\/\/www.levisurbain.ca\/index.php?rest_route=%2Fwp%2Fv2%2Fmedia&parent=11218"}],"wp:term":[{"taxonomy":"category","embeddable":true,"href":"http:\/\/www.levisurbain.ca\/index.php?rest_route=%2Fwp%2Fv2%2Fcategories&post=11218"},{"taxonomy":"post_tag","embeddable":true,"href":"http:\/\/www.levisurbain.ca\/index.php?rest_route=%2Fwp%2Fv2%2Ftags&post=11218"}],"curies":[{"name":"wp","href":"https:\/\/api.w.org\/{rel}","templated":true}]}}