{"id":11207,"date":"2017-06-28T16:58:51","date_gmt":"2017-06-28T21:58:51","guid":{"rendered":"http:\/\/www.levisurbain.ca\/?p=11207"},"modified":"2018-02-15T12:58:16","modified_gmt":"2018-02-15T17:58:16","slug":"pas-un-pas-deux-mais-trois-barbies-resto-bar-grill-a-quebec-dici-2020","status":"publish","type":"post","link":"http:\/\/www.levisurbain.ca\/?p=11207","title":{"rendered":"Pas un, pas deux, mais trois Barbie\u2019s Resto Bar Grill \u00e0 Qu\u00e9bec d\u2019ici 2020"},"content":{"rendered":"<p>Article de Elisa Cloutier. <a href=\"http:\/\/www.journaldequebec.com\" target=\"_blank\" rel=\"noopener\">Le Journal de Qu\u00e9bec<\/a>.<\/p>\n<blockquote><p><strong>Qu\u00e9bec n\u2019aura pas un, mais trois restaurants <a href=\"http:\/\/www.barbiesgrill.com\" target=\"_blank\" rel=\"noopener\">Barbie\u2019s Resto Bar Grill<\/a> d\u2019ici 2020, selon le cofondateur de la chaine.<\/strong><\/p>\n<p>Le premier de la s\u00e9rie, qui aura pignon sur rue au 350 sur Bouvier, dans le secteur de Lebourgneuf, devrait ouvrir ses portes au mois de mars prochain.<\/p>\n<p><strong>Sainte-Foy et L\u00e9vis aussi<\/strong><br \/>\nPuis, Sainte-Foy et L\u00e9vis devraient suivre la cadence avant la fin de 2019. Leur emplacement exact n\u2019est toutefois pas encore connu pour l\u2019instant. \u00abNous avons un bon succ\u00e8s \u00e0 Montr\u00e9al et nous tentons maintenant de sortir de la r\u00e9gion\u00bb, indique Spiro Christopulos, cofondateur et porte-parole de la chaine pour le Qu\u00e9bec. Des ouvertures sont aussi pr\u00e9vues \u00e0 Chicoutimi et Trois-Rivi\u00e8res au cours des prochains mois<\/p><\/blockquote>\n<p>=&gt; La suite sur le <a href=\"http:\/\/http:\/\/www.journaldequebec.com\/2017\/06\/28\/pas-un-mais-trois-barbies-resto-bar-grill-a-quebec-dici-2020\" target=\"_blank\" rel=\"noopener noreferrer\">journaldequebec.com<\/a>.<\/p>\n","protected":false},"excerpt":{"rendered":"<p>Article de Elisa Cloutier. Le Journal de Qu\u00e9bec. Qu\u00e9bec n\u2019aura pas un, mais trois restaurants Barbie\u2019s Resto Bar Grill d\u2019ici 2020, selon le cofondateur de la chaine. Le premier de la s\u00e9rie, qui aura pignon sur rue au 350 sur Bouvier, dans le secteur de Lebourgneuf, devrait ouvrir ses portes au mois de mars prochain.\u2026 <span class=\"read-more\"><a href=\"http:\/\/www.levisurbain.ca\/?p=11207\">Lire la suite &raquo;<\/a><\/span><\/p>\n","protected":false},"author":1,"featured_media":0,"comment_status":"open","ping_status":"open","sticky":false,"template":"","format":"standard","meta":{"footnotes":""},"categories":[58],"tags":[],"class_list":["post-11207","post","type-post","status-publish","format-standard","hentry","category-commerce-economie"],"_links":{"self":[{"href":"http:\/\/www.levisurbain.ca\/index.php?rest_route=\/wp\/v2\/posts\/11207","targetHints":{"allow":["GET"]}}],"collection":[{"href":"http:\/\/www.levisurbain.ca\/index.php?rest_route=\/wp\/v2\/posts"}],"about":[{"href":"http:\/\/www.levisurbain.ca\/index.php?rest_route=\/wp\/v2\/types\/post"}],"author":[{"embeddable":true,"href":"http:\/\/www.levisurbain.ca\/index.php?rest_route=\/wp\/v2\/users\/1"}],"replies":[{"embeddable":true,"href":"http:\/\/www.levisurbain.ca\/index.php?rest_route=%2Fwp%2Fv2%2Fcomments&post=11207"}],"version-history":[{"count":0,"href":"http:\/\/www.levisurbain.ca\/index.php?rest_route=\/wp\/v2\/posts\/11207\/revisions"}],"wp:attachment":[{"href":"http:\/\/www.levisurbain.ca\/index.php?rest_route=%2Fwp%2Fv2%2Fmedia&parent=11207"}],"wp:term":[{"taxonomy":"category","embeddable":true,"href":"http:\/\/www.levisurbain.ca\/index.php?rest_route=%2Fwp%2Fv2%2Fcategories&post=11207"},{"taxonomy":"post_tag","embeddable":true,"href":"http:\/\/www.levisurbain.ca\/index.php?rest_route=%2Fwp%2Fv2%2Ftags&post=11207"}],"curies":[{"name":"wp","href":"https:\/\/api.w.org\/{rel}","templated":true}]}}