{"id":11197,"date":"2017-06-28T16:21:30","date_gmt":"2017-06-28T21:21:30","guid":{"rendered":"http:\/\/www.levisurbain.ca\/?p=11197"},"modified":"2018-02-15T12:58:49","modified_gmt":"2018-02-15T17:58:49","slug":"les-fontaines-du-quai-paquet-attirent-les-foules","status":"publish","type":"post","link":"http:\/\/www.levisurbain.ca\/?p=11197","title":{"rendered":"Les fontaines du quai Paquet attirent les foules"},"content":{"rendered":"<p>Article de M\u00e9lanie Labrecque. <a href=\"http:\/\/www.lepeuplelevis.ca\" target=\"_blank\" rel=\"noopener\">Le Peuple L\u00e9vis<\/a>.<\/p>\n<blockquote><div id=\"attachment_11200\" style=\"width: 485px\" class=\"wp-caption aligncenter\"><img loading=\"lazy\" decoding=\"async\" aria-describedby=\"caption-attachment-11200\" class=\"size-full wp-image-11200\" src=\"http:\/\/www.levisurbain.ca\/wp-content\/uploads\/quai-paquet-spectacle-peuplelevis-28062017.jpg\" alt=\"\" width=\"475\" height=\"320\" srcset=\"http:\/\/www.levisurbain.ca\/wp-content\/uploads\/quai-paquet-spectacle-peuplelevis-28062017.jpg 475w, http:\/\/www.levisurbain.ca\/wp-content\/uploads\/quai-paquet-spectacle-peuplelevis-28062017-300x202.jpg 300w\" sizes=\"auto, (max-width: 475px) 100vw, 475px\" \/><p id=\"caption-attachment-11200\" class=\"wp-caption-text\">Le spectacle d&rsquo;ouverture du quai Paquet a \u00e9bloui les spectateurs.<br \/>\u00a9 TC Media &#8211; M\u00e9lanie Labrecque.<\/p><\/div>\n<p><strong>Les spectacles d&rsquo;ouverture du quai Paquet qui se sont d\u00e9roul\u00e9s les 23 et 24 juin ont attis\u00e9 la curiosit\u00e9 de plus de 8500 spectateurs, dont 6000, samedi soir.<\/strong><\/p>\n<p>\u00ab C&rsquo;est vraiment quelque chose d&rsquo;exceptionnel. Nous avons eu que des f\u00e9licitations. Nous avons pr\u00e9sent\u00e9 un spectacle \u00e0 la hauteur des attentes des gens \u00bb, a observ\u00e9 le maire de L\u00e9vis, Gilles Lehouillier, satisfait de la pr\u00e9sentation son, lumi\u00e8re et laser. Le co\u00fbt de ces deux \u00e9v\u00e9nements s&rsquo;\u00e9l\u00e8ve \u00e0 80\u00a0000$.<\/p>\n<p>Ce lancement, a-t-il poursuivi, \u00e9tait un \u00abbref aper\u00e7u\u00bb du potentiel des fontaines. Ces deux soir\u00e9es \u00e9taient \u00e9galement le pr\u00e9lude \u00e0 un \u00e9t\u00e9 de rassemblements: Festibi\u00e8re, Grands Feux Loto-Qu\u00e9bec, spectacle Surface, grands voiliers, arriv\u00e9e du premier navire de croisi\u00e8re, etc.<\/p>\n<p>\u00c0 ces \u00e9v\u00e9nements sp\u00e9ciaux s&rsquo;ajoutent, chaque soir, deux repr\u00e9sentations de 20 minutes son et lumi\u00e8re. Les jets d&rsquo;eau s&rsquo;animeront au son d&rsquo;une quinzaine de chansons francophones et anglophones d\u00e9j\u00e0 s\u00e9lectionn\u00e9es. \u00ab Pourquoi les prestations sont-elles courtes ? On ne veut pas enlever l&rsquo;utilisation des fontaines trop longtemps. \u00bb<\/p>\n<p>D&rsquo;autre part, le premier \u00e9lu s&rsquo;est dit satisfait de la r\u00e9ponse des citoyens \u00e0 la Navette Paquet. Les L\u00e9visiens ont \u00e9t\u00e9 nombreux \u00e0 s&rsquo;en servir pendant ce premier week-end d&rsquo;activit\u00e9.<\/p>\n<div id=\"attachment_11201\" style=\"width: 485px\" class=\"wp-caption aligncenter\"><img loading=\"lazy\" decoding=\"async\" aria-describedby=\"caption-attachment-11201\" class=\"size-full wp-image-11201\" src=\"http:\/\/www.levisurbain.ca\/wp-content\/uploads\/quai-paquet-laser-peuplelevis-28062017.jpg\" alt=\"\" width=\"475\" height=\"359\" srcset=\"http:\/\/www.levisurbain.ca\/wp-content\/uploads\/quai-paquet-laser-peuplelevis-28062017.jpg 475w, http:\/\/www.levisurbain.ca\/wp-content\/uploads\/quai-paquet-laser-peuplelevis-28062017-300x227.jpg 300w\" sizes=\"auto, (max-width: 475px) 100vw, 475px\" \/><p id=\"caption-attachment-11201\" class=\"wp-caption-text\">L&rsquo;utilisation des lasers ajoutait une touche de f\u00e9\u00e9rie \u00e0 l&rsquo;ensemble de l&rsquo;\u0153uvre.<br \/>\u00a9 TC Media &#8211; M\u00e9lanie Labrecque.<\/p><\/div><\/blockquote>\n<p><a href=\"http:\/\/www.lepeuplelevis.ca\" target=\"_blank\" rel=\"noopener noreferrer\"><img loading=\"lazy\" decoding=\"async\" src=\"http:\/\/www.levisurbain.ca\/wp-content\/uploads\/2017\/04\/peuple-levis_2015.jpg\" alt=\"\" width=\"150\" height=\"57\" \/><\/a><br \/>\nArticle reproduit avec autorisation.<\/p>\n","protected":false},"excerpt":{"rendered":"<p>Article de M\u00e9lanie Labrecque. Le Peuple L\u00e9vis. Les spectacles d&rsquo;ouverture du quai Paquet qui se sont d\u00e9roul\u00e9s les 23 et 24 juin ont attis\u00e9 la curiosit\u00e9 de plus de 8500 spectateurs, dont 6000, samedi soir. \u00ab C&rsquo;est vraiment quelque chose d&rsquo;exceptionnel. Nous avons eu que des f\u00e9licitations. Nous avons pr\u00e9sent\u00e9 un spectacle \u00e0 la hauteur\u2026 <span class=\"read-more\"><a href=\"http:\/\/www.levisurbain.ca\/?p=11197\">Lire la suite &raquo;<\/a><\/span><\/p>\n","protected":false},"author":1,"featured_media":0,"comment_status":"open","ping_status":"open","sticky":false,"template":"","format":"standard","meta":{"footnotes":""},"categories":[57],"tags":[62],"class_list":["post-11197","post","type-post","status-publish","format-standard","hentry","category-sports-arts-loisirs","tag-traverse-de-levis"],"_links":{"self":[{"href":"http:\/\/www.levisurbain.ca\/index.php?rest_route=\/wp\/v2\/posts\/11197","targetHints":{"allow":["GET"]}}],"collection":[{"href":"http:\/\/www.levisurbain.ca\/index.php?rest_route=\/wp\/v2\/posts"}],"about":[{"href":"http:\/\/www.levisurbain.ca\/index.php?rest_route=\/wp\/v2\/types\/post"}],"author":[{"embeddable":true,"href":"http:\/\/www.levisurbain.ca\/index.php?rest_route=\/wp\/v2\/users\/1"}],"replies":[{"embeddable":true,"href":"http:\/\/www.levisurbain.ca\/index.php?rest_route=%2Fwp%2Fv2%2Fcomments&post=11197"}],"version-history":[{"count":0,"href":"http:\/\/www.levisurbain.ca\/index.php?rest_route=\/wp\/v2\/posts\/11197\/revisions"}],"wp:attachment":[{"href":"http:\/\/www.levisurbain.ca\/index.php?rest_route=%2Fwp%2Fv2%2Fmedia&parent=11197"}],"wp:term":[{"taxonomy":"category","embeddable":true,"href":"http:\/\/www.levisurbain.ca\/index.php?rest_route=%2Fwp%2Fv2%2Fcategories&post=11197"},{"taxonomy":"post_tag","embeddable":true,"href":"http:\/\/www.levisurbain.ca\/index.php?rest_route=%2Fwp%2Fv2%2Ftags&post=11197"}],"curies":[{"name":"wp","href":"https:\/\/api.w.org\/{rel}","templated":true}]}}