{"id":11192,"date":"2017-06-28T16:08:06","date_gmt":"2017-06-28T21:08:06","guid":{"rendered":"http:\/\/www.levisurbain.ca\/?p=11192"},"modified":"2018-02-15T12:59:04","modified_gmt":"2018-02-15T17:59:04","slug":"complexe-aquatique-le-debut-des-travaux-est-confirme","status":"publish","type":"post","link":"http:\/\/www.levisurbain.ca\/?p=11192","title":{"rendered":"Complexe aquatique : le d\u00e9but des travaux est confirm\u00e9"},"content":{"rendered":"<p>Article de M\u00e9lanie Labrecque. <a href=\"http:\/\/www.lepeuplelevis.ca\" target=\"_blank\" rel=\"noopener\">Le Peuple L\u00e9vis<\/a>.<\/p>\n<div id=\"attachment_11195\" style=\"width: 485px\" class=\"wp-caption aligncenter\"><img loading=\"lazy\" decoding=\"async\" aria-describedby=\"caption-attachment-11195\" class=\"size-full wp-image-11195\" src=\"http:\/\/www.levisurbain.ca\/wp-content\/uploads\/centre_aquatique_peuplelevis_28juin2017.jpg\" alt=\"\" width=\"475\" height=\"320\" srcset=\"http:\/\/www.levisurbain.ca\/wp-content\/uploads\/centre_aquatique_peuplelevis_28juin2017.jpg 475w, http:\/\/www.levisurbain.ca\/wp-content\/uploads\/centre_aquatique_peuplelevis_28juin2017-300x202.jpg 300w\" sizes=\"auto, (max-width: 475px) 100vw, 475px\" \/><p id=\"caption-attachment-11195\" class=\"wp-caption-text\">Le coup d&rsquo;envoi des travaux du complexe aquatique sera donn\u00e9 cet automne.<br \/>\u00a9 Gracieuset\u00e9 &#8211; Ville de L\u00e9vis.<\/p><\/div>\n<blockquote><p><strong>La construction du complexe aquatique dans le secteur ouest de la ville doit d\u00e9buter cet automne. C&rsquo;est ce qu&rsquo;ont annonc\u00e9 ce matin la Ville de L\u00e9vis et les gouvernements f\u00e9d\u00e9ral et provincial. Le projet d&rsquo;une valeur totale de 35 M$, dont 28,5 M$ pour le volet aquatique, est attendu depuis plus de 20 ans.<\/strong><\/p>\n<p>\u00ab Le r\u00eave devient r\u00e9alit\u00e9 \u00bb, a lanc\u00e9 le maire Gilles Lehouillier. Ce dernier est heureux de voir l&rsquo;un de ses principaux engagements \u00e9lectoraux se concr\u00e9tiser \u00e0 quelques semaines du d\u00e9clenchement de la prochaine campagne.<\/p>\n<p>Construit sur deux \u00e9tages, l&rsquo;\u00e9difice qui sera voisin de l&rsquo;\u00e9cole l&rsquo;Envol devrait \u00eatre termin\u00e9 \u00e0 l&rsquo;\u00e9t\u00e9 2019.<\/p>\n<p>Il comptera un bassin sportif de 625 m2 avec 10 couloirs de natation, deux tremplins d&rsquo;un m\u00e8tre, deux de trois m\u00e8tres et deux plateformes: l&rsquo;une de trois m\u00e8tres et l&rsquo;autre de cinq m\u00e8tres, des ajouts qui permettront d&rsquo;entra\u00eener les jeunes athl\u00e8tes \u00e0 des niveaux plus \u00e9lev\u00e9s.<\/p>\n<p>Aussi, on retrouvera un bassin r\u00e9cr\u00e9atif de 400 m2 dans lequel seront am\u00e9nag\u00e9s des jeux d&rsquo;eau, une glissoire, une zone d&rsquo;enseignement, des vestiaires et des bureaux. Les athl\u00e8tes b\u00e9n\u00e9ficieront d&rsquo;une salle d&rsquo;entra\u00eenement.<\/p>\n<p>Au deuxi\u00e8me \u00e9tage, il y aura quatre studios de danse, une salle multifonctionnelle, des bureaux pour les organismes, des gradins sportifs, un foyer sup\u00e9rieur offrant une vue sur les bassins et un espace pour les traiteurs.<!--more--><\/p>\n<p><a name=\"more\"><\/a><b>Aide gouvernementale<\/b><br \/>\nLe projet n&rsquo;aurait pas \u00e9t\u00e9 en mesure de se concr\u00e9tiser sans l&rsquo;aide financi\u00e8re des gouvernements, a rappel\u00e9 Gilles Lehouillier. La facture pour cette infrastructure repr\u00e9sente, \u00e0 elle seule, la moiti\u00e9 du budget du programme triennal d&rsquo;immobilisation de la Ville de L\u00e9vis.<\/p>\n<p>Les gouvernements f\u00e9d\u00e9ral et provincial financeront \u00e0 la hauteur de 50% les travaux li\u00e9s au complexe aquatique. La part de la Ville repr\u00e9sente 14\u00a0M$. \u00c0 cela s&rsquo;ajoutent 7\u00a0M$ suppl\u00e9mentaires pour l&rsquo;ajout des studios de danse et l&rsquo;achat d&rsquo;\u00e9quipements sp\u00e9cialis\u00e9s.<\/p>\n<p>\u00ab C&rsquo;est un projet qui a le potentiel de transformer la vie de nos familles de mani\u00e8re importante \u00bb, a expliqu\u00e9 le ministre de la Famille, des Enfants et du D\u00e9veloppement social, Jean-Yves Duclos. Actuellement, plus de 1200 personnes de ces quartiers n&rsquo;ont pas acc\u00e8s \u00e0 des cours de natation.<\/p><\/blockquote>\n<p><a href=\"http:\/\/www.lepeuplelevis.ca\" target=\"_blank\" rel=\"noopener noreferrer\"><img loading=\"lazy\" decoding=\"async\" src=\"http:\/\/www.levisurbain.ca\/wp-content\/uploads\/2017\/04\/peuple-levis_2015.jpg\" alt=\"\" width=\"150\" height=\"57\" \/><\/a><br \/>\nArticle reproduit avec autorisation.<\/p>\n","protected":false},"excerpt":{"rendered":"<p>Article de M\u00e9lanie Labrecque. Le Peuple L\u00e9vis. La construction du complexe aquatique dans le secteur ouest de la ville doit d\u00e9buter cet automne. C&rsquo;est ce qu&rsquo;ont annonc\u00e9 ce matin la Ville de L\u00e9vis et les gouvernements f\u00e9d\u00e9ral et provincial. Le projet d&rsquo;une valeur totale de 35 M$, dont 28,5 M$ pour le volet aquatique, est\u2026 <span class=\"read-more\"><a href=\"http:\/\/www.levisurbain.ca\/?p=11192\">Lire la suite &raquo;<\/a><\/span><\/p>\n","protected":false},"author":1,"featured_media":0,"comment_status":"open","ping_status":"open","sticky":false,"template":"","format":"standard","meta":{"footnotes":""},"categories":[58,65,57],"tags":[],"class_list":["post-11192","post","type-post","status-publish","format-standard","hentry","category-commerce-economie","category-gouvernement","category-sports-arts-loisirs"],"_links":{"self":[{"href":"http:\/\/www.levisurbain.ca\/index.php?rest_route=\/wp\/v2\/posts\/11192","targetHints":{"allow":["GET"]}}],"collection":[{"href":"http:\/\/www.levisurbain.ca\/index.php?rest_route=\/wp\/v2\/posts"}],"about":[{"href":"http:\/\/www.levisurbain.ca\/index.php?rest_route=\/wp\/v2\/types\/post"}],"author":[{"embeddable":true,"href":"http:\/\/www.levisurbain.ca\/index.php?rest_route=\/wp\/v2\/users\/1"}],"replies":[{"embeddable":true,"href":"http:\/\/www.levisurbain.ca\/index.php?rest_route=%2Fwp%2Fv2%2Fcomments&post=11192"}],"version-history":[{"count":0,"href":"http:\/\/www.levisurbain.ca\/index.php?rest_route=\/wp\/v2\/posts\/11192\/revisions"}],"wp:attachment":[{"href":"http:\/\/www.levisurbain.ca\/index.php?rest_route=%2Fwp%2Fv2%2Fmedia&parent=11192"}],"wp:term":[{"taxonomy":"category","embeddable":true,"href":"http:\/\/www.levisurbain.ca\/index.php?rest_route=%2Fwp%2Fv2%2Fcategories&post=11192"},{"taxonomy":"post_tag","embeddable":true,"href":"http:\/\/www.levisurbain.ca\/index.php?rest_route=%2Fwp%2Fv2%2Ftags&post=11192"}],"curies":[{"name":"wp","href":"https:\/\/api.w.org\/{rel}","templated":true}]}}