{"id":11189,"date":"2017-06-27T11:37:57","date_gmt":"2017-06-27T16:37:57","guid":{"rendered":"http:\/\/www.levisurbain.ca\/?p=11189"},"modified":"2018-02-15T12:59:23","modified_gmt":"2018-02-15T17:59:23","slug":"le-100e-anniversaire-du-pont-de-quebec-se-dessine","status":"publish","type":"post","link":"http:\/\/www.levisurbain.ca\/?p=11189","title":{"rendered":"Le 100e anniversaire du pont de Qu\u00e9bec se dessine"},"content":{"rendered":"<p>Article de \u00c9rick Desch\u00eanes. <a href=\"http:\/\/www.journaldelevis.com\/\" target=\"_blank\">Le Journal de L\u00e9vis<\/a>.<\/p>\n<blockquote><p><strong>Les Chambres de commerce et d&rsquo;industrie de Qu\u00e9bec (CCIQ) et L\u00e9vis (CCL) ont d\u00e9voil\u00e9 le 27 juin que des festivit\u00e9s soulignant le 100e anniversaire du pont de Qu\u00e9bec vont avoir lieu le 23 septembre. Le fondateur de l&rsquo;H\u00f4tel de Glace, Jacques Desbois, est l&rsquo;homme de confiance pour mener les op\u00e9rations.<\/strong><\/p>\n<p>Cette annonce repr\u00e9sente la premi\u00e8re action de la Soci\u00e9t\u00e9 de valorisation du pont de Qu\u00e9bec, dont l&rsquo;intention est de redonner ses lettres de noblesse \u00e0 l&rsquo;infrastructure et inviter la population \u00e0 se la r\u00e9approprier. \u00ab Nous sommes enthousiastes \u00e0 l&rsquo;id\u00e9e de pr\u00e9senter un \u00e9v\u00e9nement rassembleur \u00bb, a fait valoir Alain Aubut, pr\u00e9sident et chef de la direction de la CCIQ. <\/p>\n<p>\u00c0 titre de responsable des activit\u00e9s, Jacques Desbois aura pour mandat de \u00ab souligner de fa\u00e7on marquante l&rsquo;attachement des citoyens de la r\u00e9gion envers ce lien embl\u00e9matique \u00bb, indique-t-on \u00e0 l&rsquo;int\u00e9rieur du communiqu\u00e9.<\/p>\n<p>\u00ab Un de mes plus vieux souvenirs d&rsquo;enfance est de me revoir, avec mon p\u00e8re et mon fr\u00e8re, monopolisant le plancher du salon pour reconstituer le pont de Qu\u00e9bec avec un jeu de m\u00e9cano\u2026 Le pont de Qu\u00e9bec, non seulement joue encore un r\u00f4le essentiel 100 ans plus tard, mais est dot\u00e9 d&rsquo;une histoire riche et \u00e9vocatrice \u00bb, a soutenu M. Desbois, fier de l&rsquo;opportunit\u00e9 qui lui est offerte. <\/p>\n<p>La Soci\u00e9t\u00e9 de valorisation d\u00e9voilera la programmation compl\u00e8te de l&rsquo;\u00e9v\u00e9nement au courant de l&rsquo;\u00e9t\u00e9.<\/p>\n<p>Notons en terminant que la Ville de Qu\u00e9bec et de L\u00e9vis travaillent actuellement \u00e0 mettre sur pied un autre \u00e9v\u00e9nement visant \u00e0 comm\u00e9morer l&rsquo;anniversaire de l&rsquo;infrastructure.<\/p><\/blockquote>\n<p><a href=\"http:\/\/www.journaldelevis.com\/\" target=\"_blank\" rel=\"noopener noreferrer\"><img decoding=\"async\" src=\"http:\/\/www.levisurbain.ca\/wp-content\/uploads\/2017\/04\/jdl_logo2012.png\" alt=\"\" \/><\/a><br \/>\nReproduit avec autorisation.<\/p>\n","protected":false},"excerpt":{"rendered":"<p>Article de \u00c9rick Desch\u00eanes. Le Journal de L\u00e9vis. Les Chambres de commerce et d&rsquo;industrie de Qu\u00e9bec (CCIQ) et L\u00e9vis (CCL) ont d\u00e9voil\u00e9 le 27 juin que des festivit\u00e9s soulignant le 100e anniversaire du pont de Qu\u00e9bec vont avoir lieu le 23 septembre. Le fondateur de l&rsquo;H\u00f4tel de Glace, Jacques Desbois, est l&rsquo;homme de confiance pour\u2026 <span class=\"read-more\"><a href=\"http:\/\/www.levisurbain.ca\/?p=11189\">Lire la suite &raquo;<\/a><\/span><\/p>\n","protected":false},"author":5,"featured_media":0,"comment_status":"open","ping_status":"open","sticky":false,"template":"","format":"standard","meta":{"footnotes":""},"categories":[68,60],"tags":[73],"class_list":["post-11189","post","type-post","status-publish","format-standard","hentry","category-patrimoine","category-transports","tag-pont-de-quebec"],"_links":{"self":[{"href":"http:\/\/www.levisurbain.ca\/index.php?rest_route=\/wp\/v2\/posts\/11189","targetHints":{"allow":["GET"]}}],"collection":[{"href":"http:\/\/www.levisurbain.ca\/index.php?rest_route=\/wp\/v2\/posts"}],"about":[{"href":"http:\/\/www.levisurbain.ca\/index.php?rest_route=\/wp\/v2\/types\/post"}],"author":[{"embeddable":true,"href":"http:\/\/www.levisurbain.ca\/index.php?rest_route=\/wp\/v2\/users\/5"}],"replies":[{"embeddable":true,"href":"http:\/\/www.levisurbain.ca\/index.php?rest_route=%2Fwp%2Fv2%2Fcomments&post=11189"}],"version-history":[{"count":0,"href":"http:\/\/www.levisurbain.ca\/index.php?rest_route=\/wp\/v2\/posts\/11189\/revisions"}],"wp:attachment":[{"href":"http:\/\/www.levisurbain.ca\/index.php?rest_route=%2Fwp%2Fv2%2Fmedia&parent=11189"}],"wp:term":[{"taxonomy":"category","embeddable":true,"href":"http:\/\/www.levisurbain.ca\/index.php?rest_route=%2Fwp%2Fv2%2Fcategories&post=11189"},{"taxonomy":"post_tag","embeddable":true,"href":"http:\/\/www.levisurbain.ca\/index.php?rest_route=%2Fwp%2Fv2%2Ftags&post=11189"}],"curies":[{"name":"wp","href":"https:\/\/api.w.org\/{rel}","templated":true}]}}