{"id":11187,"date":"2017-06-22T11:29:22","date_gmt":"2017-06-22T16:29:22","guid":{"rendered":"http:\/\/www.levisurbain.ca\/?p=11187"},"modified":"2018-02-15T13:00:24","modified_gmt":"2018-02-15T18:00:24","slug":"transport-en-commun-levis-veut-miser-sur-les-voies-reservees","status":"publish","type":"post","link":"http:\/\/www.levisurbain.ca\/?p=11187","title":{"rendered":"Transport en commun : L\u00e9vis veut miser sur les voies r\u00e9serv\u00e9es"},"content":{"rendered":"<p>Article de \u00c9rick Desch\u00eanes. <a href=\"http:\/\/www.journaldelevis.com\/fr\/accueil.aspx\" target=\"_blank\">Le Journal de L\u00e9vis<\/a>.<\/p>\n<blockquote><p><strong>Comme promis par l&rsquo;administration Lehouillier depuis plusieurs semaines, les r\u00e9sultats du travail du comit\u00e9 favorisant l&rsquo;am\u00e9lioration du transport en commun \u00e0 L\u00e9vis, cr\u00e9\u00e9 apr\u00e8s l&rsquo;abandon du projet de Service rapide par bus (SRB) par la municipalit\u00e9, ont \u00e9t\u00e9 d\u00e9voil\u00e9s le 22 juin dernier. Dans le rapport transmis le 21 juin au ministre des Transports, Laurent Lessard, la Ville de L\u00e9vis propose notamment un am\u00e9nagement de voies r\u00e9serv\u00e9es pour am\u00e9liorer le transport collectif.<\/strong><\/p>\n<p>Misant dans son approche sur l&rsquo;utilisation des v\u00e9hicules actuels de la Soci\u00e9t\u00e9 de transport de L\u00e9vis (STL\u00e9vis), l&rsquo;administration Lehouillier d\u00e9sire l&rsquo;am\u00e9nagement de voies r\u00e9serv\u00e9es aux autobus et au covoiturage et l&rsquo;am\u00e9lioration de certaines d\u00e9j\u00e0 existantes, possiblement d\u00e8s 2019, sur les tron\u00e7ons les plus congestionn\u00e9s \u00ab afin d&rsquo;am\u00e9liorer le service (sur les parcours L\u00e9visiens) et le rendre plus attrayant \u00bb.<\/p>\n<p>Les trois portions vis\u00e9es pour ce projet sont la route des Rivi\u00e8res (route 116 qui serait r\u00e9am\u00e9nag\u00e9e en boulevard urbain par Qu\u00e9bec), entre le chemin Olivier et le pont de Qu\u00e9bec \u00e0 Saint-Nicolas, le boulevard Guillaume-Couture, entre le chemin du Sault et la rue de Mercure \u00e0 la t\u00eate des ponts \u00e0 Saint-Romuald, et le boulevard Guillaume-Couture, entre la route du Pr\u00e9sident-Kennedy et la route Mgr-Bourget dans le quartier L\u00e9vis.<\/p>\n<p>De fa\u00e7on pr\u00e9liminaire, L\u00e9vis a \u00e9valu\u00e9 que l&rsquo;ajout de voies r\u00e9serv\u00e9es aux points de congestion pourrait co\u00fbter 55 M$ (voies r\u00e9serv\u00e9es sur les c\u00f4t\u00e9s) ou 79 M$ (voies r\u00e9serv\u00e9es au centre de la chauss\u00e9e), ce que des \u00e9tudes financ\u00e9es par le minist\u00e8re des Transports que demande la municipalit\u00e9 pr\u00e9ciseraient. <\/p>\n<p>Le tout serait r\u00e9alis\u00e9 sans priver de voies aux automobilistes, l&rsquo;administration Lehouillier d\u00e9sirant \u00e9galement boucler ou bonifier le r\u00e9seau routier existant au profit des voitures.<!--more--><\/p>\n<p><a name=\"more\"><\/a>\u00ab Les travaux du comit\u00e9 devaient notamment tenir compte de ne pas empi\u00e9ter sur les voies r\u00e9serv\u00e9es aux automobilistes. Il ne fallait pas conclure que le transport en commun entrait en comp\u00e9tition avec les automobiles. Ce n&rsquo;est pas le but de l&rsquo;exercice, pas du tout. Au contraire, on veut que la route \u00e0 L\u00e9vis \u00e7a se partage entre automobilistes et transport en commun. Cela a \u00e9t\u00e9 pris en consid\u00e9ration \u00bb, a expliqu\u00e9 Michel Patry, conseiller municipal et pr\u00e9sident de la STL\u00e9vis.<\/p>\n<p>Notons que d\u00e8s que le minist\u00e8re des Transports aura confirm\u00e9 son soutien financier \u00e0 la r\u00e9alisation des \u00e9tudes, la Ville promet de soumettre sa proposition \u00e0 une consultation publique.<\/p>\n<p><strong>Autres mesures<\/strong><br \/>\nEn plus de ce volet, la Ville de L\u00e9vis aimerait que des mesures compl\u00e9mentaires pouvant \u00eatre financ\u00e9es \u00e0 m\u00eame les programmes r\u00e9guliers du minist\u00e8re des Transports soient r\u00e9alis\u00e9es.<\/p>\n<p>L&rsquo;administration Lehouillier aimerait implanter des feux prioritaires, synchroniser les feux de circulation, continuer l&rsquo;implantation de la g\u00e9olocalisation des autobus de la STL\u00e9vis, optimiser les arr\u00eats d&rsquo;autobus, \u00e9lectrifier la flotte de la STL\u00e9vis d\u00e8s 2023 et bonifier l&rsquo;ensemble du r\u00e9seau de la soci\u00e9t\u00e9 de transport.<\/p>\n<p>Pour ce faire, le rabattement sur l&rsquo;axe, des correspondances plus efficaces, la desserte des principaux g\u00e9n\u00e9rateurs de d\u00e9placement et l&rsquo;ajout de stationnements incitatifs seraient des mesures mises en place.<\/p>\n<p><strong>\u00ab Une solution sur mesure \u00bb<\/strong><br \/>\nEt si le plan pr\u00e9sent\u00e9 au minist\u00e8re des Transports n&rsquo;inclut notamment pas pour l&rsquo;instant un mod\u00e8le d&rsquo;interconnexion avec le syst\u00e8me de transport en commun \u00e0 Qu\u00e9bec, le maire de L\u00e9vis, Gilles Lehouillier, est convaincu que les solutions propos\u00e9es sont les plus adapt\u00e9es \u00e0 la r\u00e9alit\u00e9 l\u00e9visienne.<\/p>\n<p>\u00ab On va aller chercher presque autant d&rsquo;efficacit\u00e9 avec une option beaucoup moins on\u00e9reuse (que le SRB). En bout de piste, on va aller chercher de gros gains d&rsquo;efficacit\u00e9, ce sont ce que les \u00e9tudes vont d\u00e9montrer d&rsquo;ailleurs. Nous, dans la mesure que l&rsquo;on gagne du temps, on va faire des \u00e9conomies qui vont nous permettre de bonifier les services de la STL\u00e9vis \u00bb, a argu\u00e9 M. Lehouillier.<\/p>\n<p>Soulignons en terminant que par voie de communiqu\u00e9, le d\u00e9put\u00e9 provincial des Chutes-de-la-Chaudi\u00e8re, Marc Picard, a donn\u00e9 son appui au sc\u00e9nario d\u00e9pos\u00e9 par la Ville de L\u00e9vis.<\/p><\/blockquote>\n<p><a href=\"http:\/\/www.journaldelevis.com\/\" target=\"_blank\" rel=\"noopener noreferrer\"><img decoding=\"async\" src=\"http:\/\/www.levisurbain.ca\/wp-content\/uploads\/2017\/04\/jdl_logo2012.png\" alt=\"\" \/><\/a><br \/>\nReproduit avec autorisation.<\/p>\n","protected":false},"excerpt":{"rendered":"<p>Article de \u00c9rick Desch\u00eanes. Le Journal de L\u00e9vis. Comme promis par l&rsquo;administration Lehouillier depuis plusieurs semaines, les r\u00e9sultats du travail du comit\u00e9 favorisant l&rsquo;am\u00e9lioration du transport en commun \u00e0 L\u00e9vis, cr\u00e9\u00e9 apr\u00e8s l&rsquo;abandon du projet de Service rapide par bus (SRB) par la municipalit\u00e9, ont \u00e9t\u00e9 d\u00e9voil\u00e9s le 22 juin dernier. Dans le rapport transmis\u2026 <span class=\"read-more\"><a href=\"http:\/\/www.levisurbain.ca\/?p=11187\">Lire la suite &raquo;<\/a><\/span><\/p>\n","protected":false},"author":5,"featured_media":0,"comment_status":"open","ping_status":"open","sticky":false,"template":"","format":"standard","meta":{"footnotes":""},"categories":[65,60],"tags":[64,66],"class_list":["post-11187","post","type-post","status-publish","format-standard","hentry","category-gouvernement","category-transports","tag-stlevis","tag-tramway-srb"],"_links":{"self":[{"href":"http:\/\/www.levisurbain.ca\/index.php?rest_route=\/wp\/v2\/posts\/11187","targetHints":{"allow":["GET"]}}],"collection":[{"href":"http:\/\/www.levisurbain.ca\/index.php?rest_route=\/wp\/v2\/posts"}],"about":[{"href":"http:\/\/www.levisurbain.ca\/index.php?rest_route=\/wp\/v2\/types\/post"}],"author":[{"embeddable":true,"href":"http:\/\/www.levisurbain.ca\/index.php?rest_route=\/wp\/v2\/users\/5"}],"replies":[{"embeddable":true,"href":"http:\/\/www.levisurbain.ca\/index.php?rest_route=%2Fwp%2Fv2%2Fcomments&post=11187"}],"version-history":[{"count":0,"href":"http:\/\/www.levisurbain.ca\/index.php?rest_route=\/wp\/v2\/posts\/11187\/revisions"}],"wp:attachment":[{"href":"http:\/\/www.levisurbain.ca\/index.php?rest_route=%2Fwp%2Fv2%2Fmedia&parent=11187"}],"wp:term":[{"taxonomy":"category","embeddable":true,"href":"http:\/\/www.levisurbain.ca\/index.php?rest_route=%2Fwp%2Fv2%2Fcategories&post=11187"},{"taxonomy":"post_tag","embeddable":true,"href":"http:\/\/www.levisurbain.ca\/index.php?rest_route=%2Fwp%2Fv2%2Ftags&post=11187"}],"curies":[{"name":"wp","href":"https:\/\/api.w.org\/{rel}","templated":true}]}}