{"id":11154,"date":"2017-06-06T17:54:25","date_gmt":"2017-06-06T22:54:25","guid":{"rendered":"http:\/\/www.levisurbain.ca\/?p=11154"},"modified":"2018-02-15T13:02:31","modified_gmt":"2018-02-15T18:02:31","slug":"les-poubelles-ramassees-toutes-les-semaines","status":"publish","type":"post","link":"http:\/\/www.levisurbain.ca\/?p=11154","title":{"rendered":"Les poubelles ramass\u00e9es toutes les semaines"},"content":{"rendered":"<p>Article de M\u00e9lanie Labrecque. <a href=\"http:\/\/www.lepeuplelevis.ca\" target=\"_blank\">Le Peuple L\u00e9vis<\/a>.<\/p>\n<div id=\"attachment_11155\" style=\"width: 485px\" class=\"wp-caption aligncenter\"><img loading=\"lazy\" decoding=\"async\" aria-describedby=\"caption-attachment-11155\" class=\"size-full wp-image-11155\" src=\"http:\/\/www.levisurbain.ca\/wp-content\/uploads\/collecte_peuplelevis_06062017.jpg\" alt=\"\" width=\"475\" height=\"320\" srcset=\"http:\/\/www.levisurbain.ca\/wp-content\/uploads\/collecte_peuplelevis_06062017.jpg 475w, http:\/\/www.levisurbain.ca\/wp-content\/uploads\/collecte_peuplelevis_06062017-300x202.jpg 300w\" sizes=\"auto, (max-width: 475px) 100vw, 475px\" \/><p id=\"caption-attachment-11155\" class=\"wp-caption-text\">La collecte hebdomadaire des d\u00e9chets a repris. \u00a0\u00a9TC Media &#8211; Archives.<\/p><\/div>\n<blockquote><p><strong>La collecte hebdomadaire des d\u00e9chets a repris aujourd\u2019hui. Les ordures seront recueillies toutes les semaines jusqu\u2019au 1er septembre.<\/strong><\/p>\n<p>La Ville de L\u00e9vis a confirm\u00e9 le retour de cette mesure implant\u00e9e en 2014 \u00e0 la suite de nombreuses plaintes de citoyens. La pr\u00e9sence d\u2019odeurs et de vers blancs avait \u00e9t\u00e9 soulign\u00e9e \u00e0 plusieurs reprises par les L\u00e9visiens comme un irritant majeur.<\/p>\n<p>\u00ab Nous nous sommes aper\u00e7us qu\u2019il n\u2019y avait pas d\u2019impact n\u00e9gatif sur le recyclage et le compostage. Avec cette mesure nous visons les familles \u00bb, a pr\u00e9cis\u00e9 le maire de L\u00e9vis, Gilles Lehouillier. Cette mesure co\u00fbte 300 000$ par ann\u00e9e \u00e0 la Ville de L\u00e9vis.<\/p>\n<p>Quant aux autres collectes, la fr\u00e9quence demeure la m\u00eame. Les mati\u00e8res compostables seront ramass\u00e9es toutes les semaines jusqu\u2019\u00e0 la fin du mois de novembre. Celle des mati\u00e8res recyclables se poursuit aux deux semaines, selon le calendrier des collectes.<\/p><\/blockquote>\n<p><a href=\"http:\/\/www.lepeuplelevis.ca\" target=\"_blank\" rel=\"noopener noreferrer\"><img loading=\"lazy\" decoding=\"async\" src=\"http:\/\/www.levisurbain.ca\/wp-content\/uploads\/2017\/04\/peuple-levis_2015.jpg\" alt=\"\" width=\"150\" height=\"57\" \/><\/a><br \/>\nArticle reproduit avec autorisation.<\/p>\n","protected":false},"excerpt":{"rendered":"<p>Article de M\u00e9lanie Labrecque. Le Peuple L\u00e9vis. La collecte hebdomadaire des d\u00e9chets a repris aujourd\u2019hui. Les ordures seront recueillies toutes les semaines jusqu\u2019au 1er septembre. La Ville de L\u00e9vis a confirm\u00e9 le retour de cette mesure implant\u00e9e en 2014 \u00e0 la suite de nombreuses plaintes de citoyens. La pr\u00e9sence d\u2019odeurs et de vers blancs avait\u2026 <span class=\"read-more\"><a href=\"http:\/\/www.levisurbain.ca\/?p=11154\">Lire la suite &raquo;<\/a><\/span><\/p>\n","protected":false},"author":1,"featured_media":0,"comment_status":"open","ping_status":"open","sticky":false,"template":"","format":"standard","meta":{"footnotes":""},"categories":[71,65],"tags":[],"class_list":["post-11154","post","type-post","status-publish","format-standard","hentry","category-environnement","category-gouvernement"],"_links":{"self":[{"href":"http:\/\/www.levisurbain.ca\/index.php?rest_route=\/wp\/v2\/posts\/11154","targetHints":{"allow":["GET"]}}],"collection":[{"href":"http:\/\/www.levisurbain.ca\/index.php?rest_route=\/wp\/v2\/posts"}],"about":[{"href":"http:\/\/www.levisurbain.ca\/index.php?rest_route=\/wp\/v2\/types\/post"}],"author":[{"embeddable":true,"href":"http:\/\/www.levisurbain.ca\/index.php?rest_route=\/wp\/v2\/users\/1"}],"replies":[{"embeddable":true,"href":"http:\/\/www.levisurbain.ca\/index.php?rest_route=%2Fwp%2Fv2%2Fcomments&post=11154"}],"version-history":[{"count":0,"href":"http:\/\/www.levisurbain.ca\/index.php?rest_route=\/wp\/v2\/posts\/11154\/revisions"}],"wp:attachment":[{"href":"http:\/\/www.levisurbain.ca\/index.php?rest_route=%2Fwp%2Fv2%2Fmedia&parent=11154"}],"wp:term":[{"taxonomy":"category","embeddable":true,"href":"http:\/\/www.levisurbain.ca\/index.php?rest_route=%2Fwp%2Fv2%2Fcategories&post=11154"},{"taxonomy":"post_tag","embeddable":true,"href":"http:\/\/www.levisurbain.ca\/index.php?rest_route=%2Fwp%2Fv2%2Ftags&post=11154"}],"curies":[{"name":"wp","href":"https:\/\/api.w.org\/{rel}","templated":true}]}}