{"id":11131,"date":"2017-06-02T17:45:10","date_gmt":"2017-06-02T22:45:10","guid":{"rendered":"http:\/\/www.levisurbain.ca\/?p=11131"},"modified":"2018-02-15T13:03:29","modified_gmt":"2018-02-15T18:03:29","slug":"une-autre-distinction-pour-le-quai-paquet","status":"publish","type":"post","link":"http:\/\/www.levisurbain.ca\/?p=11131","title":{"rendered":"Une autre distinction pour le quai Paquet"},"content":{"rendered":"<p>Article de M\u00e9lanie Labrecque. <a href=\"http:\/\/www.lepeuplelevis.ca\" target=\"_blank\" rel=\"noopener noreferrer\">Le Peuple L\u00e9vis<\/a>.<\/p>\n<div id=\"attachment_11132\" style=\"width: 485px\" class=\"wp-caption aligncenter\"><img loading=\"lazy\" decoding=\"async\" aria-describedby=\"caption-attachment-11132\" class=\"size-full wp-image-11132\" src=\"http:\/\/www.levisurbain.ca\/wp-content\/uploads\/quai-paquet_peuplelevis_02062017.jpg\" alt=\"\" width=\"475\" height=\"320\" srcset=\"http:\/\/www.levisurbain.ca\/wp-content\/uploads\/quai-paquet_peuplelevis_02062017.jpg 475w, http:\/\/www.levisurbain.ca\/wp-content\/uploads\/quai-paquet_peuplelevis_02062017-300x202.jpg 300w\" sizes=\"auto, (max-width: 475px) 100vw, 475px\" \/><p id=\"caption-attachment-11132\" class=\"wp-caption-text\">Le quai Paquet. \u00a9TC Media &#8211; Archives.<\/p><\/div>\n<blockquote><p><strong>La Ville de L\u00e9vis a remport\u00e9 un\u00a0Prix Am\u00e9nagement pour la r\u00e9alisation du r\u00e9am\u00e9nagement complet du quai Paquet et de son Esplanade dans le cadre de la c\u00e9r\u00e9monie de remise de prix du 30<sup>e<\/sup>\u00a0Colloque annuel\u00a0Les Arts et la Ville\u00a0pr\u00e9sent\u00e9 le jeudi 1<sup>er<\/sup> juin, \u00e0 Montmagny.<\/strong><\/p>\n<p>Le projet s\u2019est distingu\u00e9 pour sa qualit\u00e9 esth\u00e9tique, son int\u00e9gration au contexte environnant, son originalit\u00e9, son aspect multidisciplinaire et son ad\u00e9quation aux besoins du milieu. Aussi pendant la soir\u00e9e la chef du service des arts et de la culture de la Ville, Nathalie Ouellet, a \u00e9galement re\u00e7u le titre de Membre honoraire de l\u2019organisme Les Arts et la Ville.<\/p><\/blockquote>\n<p><a href=\"http:\/\/www.lepeuplelevis.ca\" target=\"_blank\" rel=\"noopener noreferrer\"><img loading=\"lazy\" decoding=\"async\" src=\"http:\/\/www.levisurbain.ca\/wp-content\/uploads\/2017\/04\/peuple-levis_2015.jpg\" alt=\"\" width=\"150\" height=\"57\" \/><\/a><br \/>\nArticle reproduit avec autorisation.<\/p>\n","protected":false},"excerpt":{"rendered":"<p>Article de M\u00e9lanie Labrecque. Le Peuple L\u00e9vis. La Ville de L\u00e9vis a remport\u00e9 un\u00a0Prix Am\u00e9nagement pour la r\u00e9alisation du r\u00e9am\u00e9nagement complet du quai Paquet et de son Esplanade dans le cadre de la c\u00e9r\u00e9monie de remise de prix du 30e\u00a0Colloque annuel\u00a0Les Arts et la Ville\u00a0pr\u00e9sent\u00e9 le jeudi 1er juin, \u00e0 Montmagny. Le projet s\u2019est distingu\u00e9\u2026 <span class=\"read-more\"><a href=\"http:\/\/www.levisurbain.ca\/?p=11131\">Lire la suite &raquo;<\/a><\/span><\/p>\n","protected":false},"author":1,"featured_media":0,"comment_status":"open","ping_status":"open","sticky":false,"template":"","format":"standard","meta":{"footnotes":""},"categories":[65,57],"tags":[62],"class_list":["post-11131","post","type-post","status-publish","format-standard","hentry","category-gouvernement","category-sports-arts-loisirs","tag-traverse-de-levis"],"_links":{"self":[{"href":"http:\/\/www.levisurbain.ca\/index.php?rest_route=\/wp\/v2\/posts\/11131","targetHints":{"allow":["GET"]}}],"collection":[{"href":"http:\/\/www.levisurbain.ca\/index.php?rest_route=\/wp\/v2\/posts"}],"about":[{"href":"http:\/\/www.levisurbain.ca\/index.php?rest_route=\/wp\/v2\/types\/post"}],"author":[{"embeddable":true,"href":"http:\/\/www.levisurbain.ca\/index.php?rest_route=\/wp\/v2\/users\/1"}],"replies":[{"embeddable":true,"href":"http:\/\/www.levisurbain.ca\/index.php?rest_route=%2Fwp%2Fv2%2Fcomments&post=11131"}],"version-history":[{"count":0,"href":"http:\/\/www.levisurbain.ca\/index.php?rest_route=\/wp\/v2\/posts\/11131\/revisions"}],"wp:attachment":[{"href":"http:\/\/www.levisurbain.ca\/index.php?rest_route=%2Fwp%2Fv2%2Fmedia&parent=11131"}],"wp:term":[{"taxonomy":"category","embeddable":true,"href":"http:\/\/www.levisurbain.ca\/index.php?rest_route=%2Fwp%2Fv2%2Fcategories&post=11131"},{"taxonomy":"post_tag","embeddable":true,"href":"http:\/\/www.levisurbain.ca\/index.php?rest_route=%2Fwp%2Fv2%2Ftags&post=11131"}],"curies":[{"name":"wp","href":"https:\/\/api.w.org\/{rel}","templated":true}]}}