{"id":11071,"date":"2017-05-12T07:30:33","date_gmt":"2017-05-12T12:30:33","guid":{"rendered":"http:\/\/www.levisurbain.ca\/?p=11071"},"modified":"2018-02-15T13:06:44","modified_gmt":"2018-02-15T18:06:44","slug":"une-nouvelle-bibliotheque-pour-le-cegep-de-levis-lauzon","status":"publish","type":"post","link":"http:\/\/www.levisurbain.ca\/?p=11071","title":{"rendered":"Une nouvelle biblioth\u00e8que pour le C\u00e9gep de L\u00e9vis-Lauzon"},"content":{"rendered":"<p>Article de\u00a0Rapha\u00ebl Lavoie. <a href=\"http:\/\/www.journaldelevis.com\/fr\/accueil.aspx\" target=\"_blank\" rel=\"noopener noreferrer\">Le Journal de L\u00e9vis<\/a>.<\/p>\n<p><img loading=\"lazy\" decoding=\"async\" class=\"aligncenter wp-image-11072 size-full\" src=\"http:\/\/www.levisurbain.ca\/wp-content\/uploads\/cegep_jdlevis_12052017.jpg\" alt=\"\" width=\"475\" height=\"320\" srcset=\"http:\/\/www.levisurbain.ca\/wp-content\/uploads\/cegep_jdlevis_12052017.jpg 475w, http:\/\/www.levisurbain.ca\/wp-content\/uploads\/cegep_jdlevis_12052017-300x202.jpg 300w\" sizes=\"auto, (max-width: 475px) 100vw, 475px\" \/><\/p>\n<blockquote><p><strong>Apr\u00e8s plusieurs ann\u00e9es de pr\u00e9paration, le C\u00e9gep de L\u00e9vis-Lauzon (CLL) a finalement lanc\u00e9 officiellement aujourd&rsquo;hui la construction de sa toute nouvelle biblioth\u00e8que et d&rsquo;une salle multifonctionnelle, le tout gr\u00e2ce \u00e0 un investissement de 5,9 M$.<\/strong><\/p>\n<p>Enclench\u00e9s \u00e0 l&rsquo;ext\u00e9rieur depuis quelques semaines, les travaux \u00e0 l&rsquo;int\u00e9rieur de la biblioth\u00e8que devraient d\u00e9buter en janvier 2018 et se terminer d&rsquo;ici la session d&rsquo;hiver 2019.<\/p>\n<p>\u00c0 terme, la r\u00e9fection permettra notamment d&rsquo;adapter les installations aux \u00ab nouveaux courants technologiques \u00bb en int\u00e9grant de nouvelles technologies aux am\u00e9nagements et au mobilier, facilitant du coup l&rsquo;acc\u00e8s aux documents num\u00e9riques et aux bases de donn\u00e9es \u00e9lectroniques, de m\u00eame que le travail en \u00e9quipe.<\/p>\n<p>\u00ab Notre centre de documentation date de l&rsquo;ouverture du c\u00e9gep en 1974. Il n&rsquo;y a pas eu de r\u00e9novations depuis, alors peut-\u00eatre qu&rsquo;on est d\u00fb! Depuis 1974, pas besoin de vous dire que notre monde a chang\u00e9 et qu&rsquo;il change encore. Les technologies de l&rsquo;information sont maintenant omnipr\u00e9sentes dans nos vies \u00bb, a soutenu la pr\u00e9sidente du conseil d&rsquo;administration du CLL, Danielle-Maude Gosselin.<\/p>\n<p>Le projet, nomm\u00e9 Carrefour de l&rsquo;information, misera \u00e9galement sur la construction d&rsquo;une salle multifonctionnelle, elle aussi \u00e0 la fine pointe de la technologie, qui pourra servir autant les besoins des \u00e9tudiants que ceux de la communaut\u00e9 l\u00e9visienne, qui pourra louer l&rsquo;espace.<\/p>\n<p>D&rsquo;un co\u00fbt total de 5,9 M$, le projet a b\u00e9n\u00e9fici\u00e9 d&rsquo;un appui de 1,1 M$ de la Fondation du C\u00e9gep de L\u00e9vis-Lauzon, r\u00e9colt\u00e9 gr\u00e2ce \u00e0 une campagne majeure de financement qui a entre autres pu compter sur le soutien de Desjardins, de la Ville de L\u00e9vis, d&rsquo;\u00c9nergie Valero et de l&rsquo;Association g\u00e9n\u00e9rale des \u00e9tudiants du CLL.<\/p><\/blockquote>\n<p><a href=\"http:\/\/www.journaldelevis.com\/\" target=\"_blank\" rel=\"noopener noreferrer\"><img decoding=\"async\" src=\"http:\/\/www.levisurbain.ca\/wp-content\/uploads\/2017\/04\/jdl_logo2012.png\" alt=\"\" \/><\/a><br \/>\nReproduit avec autorisation.<\/p>\n","protected":false},"excerpt":{"rendered":"<p>Article de\u00a0Rapha\u00ebl Lavoie. Le Journal de L\u00e9vis. Apr\u00e8s plusieurs ann\u00e9es de pr\u00e9paration, le C\u00e9gep de L\u00e9vis-Lauzon (CLL) a finalement lanc\u00e9 officiellement aujourd&rsquo;hui la construction de sa toute nouvelle biblioth\u00e8que et d&rsquo;une salle multifonctionnelle, le tout gr\u00e2ce \u00e0 un investissement de 5,9 M$. Enclench\u00e9s \u00e0 l&rsquo;ext\u00e9rieur depuis quelques semaines, les travaux \u00e0 l&rsquo;int\u00e9rieur de la biblioth\u00e8que\u2026 <span class=\"read-more\"><a href=\"http:\/\/www.levisurbain.ca\/?p=11071\">Lire la suite &raquo;<\/a><\/span><\/p>\n","protected":false},"author":1,"featured_media":0,"comment_status":"open","ping_status":"open","sticky":false,"template":"","format":"standard","meta":{"footnotes":""},"categories":[57],"tags":[],"class_list":["post-11071","post","type-post","status-publish","format-standard","hentry","category-sports-arts-loisirs"],"_links":{"self":[{"href":"http:\/\/www.levisurbain.ca\/index.php?rest_route=\/wp\/v2\/posts\/11071","targetHints":{"allow":["GET"]}}],"collection":[{"href":"http:\/\/www.levisurbain.ca\/index.php?rest_route=\/wp\/v2\/posts"}],"about":[{"href":"http:\/\/www.levisurbain.ca\/index.php?rest_route=\/wp\/v2\/types\/post"}],"author":[{"embeddable":true,"href":"http:\/\/www.levisurbain.ca\/index.php?rest_route=\/wp\/v2\/users\/1"}],"replies":[{"embeddable":true,"href":"http:\/\/www.levisurbain.ca\/index.php?rest_route=%2Fwp%2Fv2%2Fcomments&post=11071"}],"version-history":[{"count":0,"href":"http:\/\/www.levisurbain.ca\/index.php?rest_route=\/wp\/v2\/posts\/11071\/revisions"}],"wp:attachment":[{"href":"http:\/\/www.levisurbain.ca\/index.php?rest_route=%2Fwp%2Fv2%2Fmedia&parent=11071"}],"wp:term":[{"taxonomy":"category","embeddable":true,"href":"http:\/\/www.levisurbain.ca\/index.php?rest_route=%2Fwp%2Fv2%2Fcategories&post=11071"},{"taxonomy":"post_tag","embeddable":true,"href":"http:\/\/www.levisurbain.ca\/index.php?rest_route=%2Fwp%2Fv2%2Ftags&post=11071"}],"curies":[{"name":"wp","href":"https:\/\/api.w.org\/{rel}","templated":true}]}}