{"id":11063,"date":"2017-05-10T22:39:53","date_gmt":"2017-05-11T03:39:53","guid":{"rendered":"http:\/\/www.levisurbain.ca\/?p=11063"},"modified":"2018-02-15T20:53:32","modified_gmt":"2018-02-16T01:53:32","slug":"cure-de-jouvence-pour-la-terrasse-de-levis","status":"publish","type":"post","link":"http:\/\/www.levisurbain.ca\/?p=11063","title":{"rendered":"Cure de jouvence pour la Terrasse de L\u00e9vis"},"content":{"rendered":"<p>Article de M\u00e9lanie Labrecque. <a href=\"http:\/\/www.lepeuplelevis.ca\" target=\"_blank\" rel=\"noopener noreferrer\">Le Peuple L\u00e9vis<\/a>.<\/p>\n<p><img loading=\"lazy\" decoding=\"async\" class=\"aligncenter size-full wp-image-11065\" src=\"http:\/\/www.levisurbain.ca\/wp-content\/uploads\/terrasse-planconcept2_peuplelevis10052917.jpg\" alt=\"\" width=\"475\" height=\"347\" srcset=\"http:\/\/www.levisurbain.ca\/wp-content\/uploads\/terrasse-planconcept2_peuplelevis10052917.jpg 475w, http:\/\/www.levisurbain.ca\/wp-content\/uploads\/terrasse-planconcept2_peuplelevis10052917-300x219.jpg 300w\" sizes=\"auto, (max-width: 475px) 100vw, 475px\" \/><\/p>\n<blockquote><p><strong>Le visage de la Terrasse de L\u00e9vis changera radicalement au cours des prochaines ann\u00e9es. La Ville de L\u00e9vis a pr\u00e9sent\u00e9 ce matin, les travaux qu&rsquo;elle compte y faire d&rsquo;ici cinq ou six ans. La phase un, qui s&rsquo;enclenchera \u00e0 la fin ao\u00fbt, n\u00e9cessitera un investissement de 1,3 M$.<\/strong><\/p>\n<p>Le chantier permettra la confection d&rsquo;un sentier pi\u00e9tonnier \u00e9clair\u00e9 reliant la c\u00f4te Fr\u00e9chette \u00e0 l&rsquo;acc\u00e8s principal de la terrasse sur la rue William-Tremblay. Il y aura aussi la mise en lumi\u00e8re des murs et contreforts, le remplacement des garde-corps existants par des garde-corps d\u00e9coratifs en verre et les travaux de r\u00e9fection et de peinture des toitures des tourelles.<\/p>\n<p>\u00ab Elle a vraiment besoin de r\u00e9novations. Juste pour vous donner un exemple, l&rsquo;\u00e9clairage est fourni par des luminaires de rue en ce moment \u00bb, a indiqu\u00e9 le maire Gilles Lehouillier.<\/p>\n<p>Pour le conseiller du district, Pierre Lainesse, il s&rsquo;agit de l&rsquo;aboutissement d&rsquo;un long processus. \u00ab Je suis tr\u00e8s heureux de ce qui se fera. Effectivement, elle a besoin d&rsquo;amour. [\u2026] \u00c0 maturit\u00e9, elle deviendra un site rassemblement, de contemplation et de comm\u00e9moration. \u00bb<\/p>\n<p>Une s\u00e9ance d&rsquo;information aura lieu le mercredi 24 mai. La Ville aura l&rsquo;occasion de renseigner les citoyens sur les \u00e9tapes \u00e0 venir, mais aussi de recueillir leurs suggestions dans le but de bonifier le projet.<\/p>\n<p><!--more--><\/p>\n<p><strong>\u00c9ch\u00e9ancier \u00e0 d\u00e9terminer<\/strong><br \/>\nLes phases deux et trois n&rsquo;ont pas encore \u00e9t\u00e9 planifi\u00e9es. \u00ab Nous le ferons dans le cadre du prochain programme triennal d&rsquo;immobilisation (PTI). \u00c7a se fera selon plusieurs facteurs, dont la disponibilit\u00e9 des montants dans le fonds, parcs \u00bb, a soulign\u00e9 le maire.<\/p>\n<p>Parmi les projets des phases deux et trois, la Ville compte ajouter du mobilier urbain, de l&rsquo;\u00e9clairage, construire un escalier architectural le long du mur est, am\u00e9nager la Place du R\u00e9giment de la Chaudi\u00e8re. \u00c0 plus long terme, un pavillon d&rsquo;accueil sera \u00e9rig\u00e9 avec des murs en verre et un toit v\u00e9g\u00e9tal. Il pourra s&rsquo;int\u00e9grer plus facilement dans le d\u00e9cor. Enfin, les curieux pourront visiter les entrailles de l&rsquo;ouvrage avec le r\u00e9am\u00e9nagement du souterrain.<\/p>\n<p>Des travaux avaient d\u00e9j\u00e0 \u00e9t\u00e9 r\u00e9alis\u00e9s en 2009, mais ils \u00e9taient moins visibles. Le 2,6\u00a0M$ qui avait \u00e9t\u00e9 inject\u00e9 a servi principalement \u00e0 stabiliser et solidifier la structure qui glissait et s&rsquo;affaissait.<\/p>\n<p>Pour voir le projet dans son ensemble: <a href=\"http:\/\/www.levisurbain.ca\/wp-content\/uploads\/Visuel_Am\u00e9nagement_Terrasse-du-Chevalier-De-L\u00e9vis.pdf\" target=\"_blank\" rel=\"noopener noreferrer\">Visuel_Am\u00e9nagement_Terrasse du Chevalier-De L\u00e9vis<\/a><\/p><\/blockquote>\n<p><a href=\"http:\/\/www.lepeuplelevis.ca\" target=\"_blank\" rel=\"noopener noreferrer\"><img loading=\"lazy\" decoding=\"async\" src=\"http:\/\/www.levisurbain.ca\/wp-content\/uploads\/2017\/04\/peuple-levis_2015.jpg\" alt=\"\" width=\"150\" height=\"57\" \/><\/a><br \/>\nArticle reproduit avec autorisation.<\/p>\n","protected":false},"excerpt":{"rendered":"<p>Article de M\u00e9lanie Labrecque. Le Peuple L\u00e9vis. Le visage de la Terrasse de L\u00e9vis changera radicalement au cours des prochaines ann\u00e9es. La Ville de L\u00e9vis a pr\u00e9sent\u00e9 ce matin, les travaux qu&rsquo;elle compte y faire d&rsquo;ici cinq ou six ans. La phase un, qui s&rsquo;enclenchera \u00e0 la fin ao\u00fbt, n\u00e9cessitera un investissement de 1,3 M$.\u2026 <span class=\"read-more\"><a href=\"http:\/\/www.levisurbain.ca\/?p=11063\">Lire la suite &raquo;<\/a><\/span><\/p>\n","protected":false},"author":5,"featured_media":0,"comment_status":"open","ping_status":"open","sticky":false,"template":"","format":"standard","meta":{"footnotes":""},"categories":[65,68],"tags":[],"class_list":["post-11063","post","type-post","status-publish","format-standard","hentry","category-gouvernement","category-patrimoine"],"_links":{"self":[{"href":"http:\/\/www.levisurbain.ca\/index.php?rest_route=\/wp\/v2\/posts\/11063","targetHints":{"allow":["GET"]}}],"collection":[{"href":"http:\/\/www.levisurbain.ca\/index.php?rest_route=\/wp\/v2\/posts"}],"about":[{"href":"http:\/\/www.levisurbain.ca\/index.php?rest_route=\/wp\/v2\/types\/post"}],"author":[{"embeddable":true,"href":"http:\/\/www.levisurbain.ca\/index.php?rest_route=\/wp\/v2\/users\/5"}],"replies":[{"embeddable":true,"href":"http:\/\/www.levisurbain.ca\/index.php?rest_route=%2Fwp%2Fv2%2Fcomments&post=11063"}],"version-history":[{"count":0,"href":"http:\/\/www.levisurbain.ca\/index.php?rest_route=\/wp\/v2\/posts\/11063\/revisions"}],"wp:attachment":[{"href":"http:\/\/www.levisurbain.ca\/index.php?rest_route=%2Fwp%2Fv2%2Fmedia&parent=11063"}],"wp:term":[{"taxonomy":"category","embeddable":true,"href":"http:\/\/www.levisurbain.ca\/index.php?rest_route=%2Fwp%2Fv2%2Fcategories&post=11063"},{"taxonomy":"post_tag","embeddable":true,"href":"http:\/\/www.levisurbain.ca\/index.php?rest_route=%2Fwp%2Fv2%2Ftags&post=11063"}],"curies":[{"name":"wp","href":"https:\/\/api.w.org\/{rel}","templated":true}]}}