{"id":11047,"date":"2017-05-05T11:41:20","date_gmt":"2017-05-05T16:41:20","guid":{"rendered":"http:\/\/www.levisurbain.ca\/?p=11047"},"modified":"2018-02-15T20:55:44","modified_gmt":"2018-02-16T01:55:44","slug":"port-de-quebec-rabaska-un-premier-pas-vers-un-troisieme-lien","status":"publish","type":"post","link":"http:\/\/www.levisurbain.ca\/?p=11047","title":{"rendered":"Port de Qu\u00e9bec : Rabaska, un premier pas vers un troisi\u00e8me lien ?"},"content":{"rendered":"<p>Article de Marie-Pascale Fortier. <a href=\"http:\/\/www.beauportexpress.com\/\" target=\"_blank\">Beauport Express<\/a>.<\/p>\n<blockquote><p><strong>PORT DE QU\u00c9BEC. D&rsquo;ici 5 ans, l&rsquo;achat officiel des terrains de Rabaska par le Port de Qu\u00e9bec pourrait se concr\u00e9tiser, ou pas, explique Fr\u00e9d\u00e9ric Lagac\u00e9, directeur adjoint aux affaires publiques et contenus strat\u00e9giques du Port de Qu\u00e9bec. Gilles Lehouillier, le maire de L\u00e9vis, s&rsquo;est montr\u00e9 heureux de cette \u00e9ventualit\u00e9 d&rsquo;achat, qui pourrait \u00eatre un premier pas vers un troisi\u00e8me lien entre L\u00e9vis et Beauport.<\/strong><\/p>\n<p>Depuis quelques mois, les travaux de mise en place de la zone industrialo-portuaire Qu\u00e9bec-L\u00e9vis vont bon train. Dans la foul\u00e9e de ce travail, le port de Qu\u00e9bec a annonc\u00e9 r\u00e9cemment avoir sign\u00e9 une entente pr\u00e9voyant une option d\u2019achat des terrains appartenant \u00e0 Rabaska par l\u2019Administration portuaire de Qu\u00e9bec (APQ), une acquisition qui lui permettrait de doubler sa superficie.<\/p><\/blockquote>\n<p>=> La suite sur <a href=\"http:\/\/www.beauportexpress.com\/actualites\/2017\/5\/5\/port-de-quebec--rabaska--un-premier-pas-vers-un-troisieme-lien-.html\" target=\"_blank\">beauportexpress.com<\/a>.<\/p>\n","protected":false},"excerpt":{"rendered":"<p>Article de Marie-Pascale Fortier. Beauport Express. PORT DE QU\u00c9BEC. D&rsquo;ici 5 ans, l&rsquo;achat officiel des terrains de Rabaska par le Port de Qu\u00e9bec pourrait se concr\u00e9tiser, ou pas, explique Fr\u00e9d\u00e9ric Lagac\u00e9, directeur adjoint aux affaires publiques et contenus strat\u00e9giques du Port de Qu\u00e9bec. Gilles Lehouillier, le maire de L\u00e9vis, s&rsquo;est montr\u00e9 heureux de cette \u00e9ventualit\u00e9\u2026 <span class=\"read-more\"><a href=\"http:\/\/www.levisurbain.ca\/?p=11047\">Lire la suite &raquo;<\/a><\/span><\/p>\n","protected":false},"author":5,"featured_media":0,"comment_status":"open","ping_status":"open","sticky":false,"template":"","format":"standard","meta":{"footnotes":""},"categories":[74,60],"tags":[63],"class_list":["post-11047","post","type-post","status-publish","format-standard","hentry","category-industriel","category-transports","tag-3e-lien"],"_links":{"self":[{"href":"http:\/\/www.levisurbain.ca\/index.php?rest_route=\/wp\/v2\/posts\/11047","targetHints":{"allow":["GET"]}}],"collection":[{"href":"http:\/\/www.levisurbain.ca\/index.php?rest_route=\/wp\/v2\/posts"}],"about":[{"href":"http:\/\/www.levisurbain.ca\/index.php?rest_route=\/wp\/v2\/types\/post"}],"author":[{"embeddable":true,"href":"http:\/\/www.levisurbain.ca\/index.php?rest_route=\/wp\/v2\/users\/5"}],"replies":[{"embeddable":true,"href":"http:\/\/www.levisurbain.ca\/index.php?rest_route=%2Fwp%2Fv2%2Fcomments&post=11047"}],"version-history":[{"count":0,"href":"http:\/\/www.levisurbain.ca\/index.php?rest_route=\/wp\/v2\/posts\/11047\/revisions"}],"wp:attachment":[{"href":"http:\/\/www.levisurbain.ca\/index.php?rest_route=%2Fwp%2Fv2%2Fmedia&parent=11047"}],"wp:term":[{"taxonomy":"category","embeddable":true,"href":"http:\/\/www.levisurbain.ca\/index.php?rest_route=%2Fwp%2Fv2%2Fcategories&post=11047"},{"taxonomy":"post_tag","embeddable":true,"href":"http:\/\/www.levisurbain.ca\/index.php?rest_route=%2Fwp%2Fv2%2Ftags&post=11047"}],"curies":[{"name":"wp","href":"https:\/\/api.w.org\/{rel}","templated":true}]}}