{"id":11009,"date":"2017-04-24T22:38:20","date_gmt":"2017-04-25T03:38:20","guid":{"rendered":"http:\/\/www.levisurbain.ca\/?p=11009"},"modified":"2018-02-15T21:01:29","modified_gmt":"2018-02-16T02:01:29","slug":"levis-met-en-place-un-comite-pour-lamelioration-du-transport-en-commun","status":"publish","type":"post","link":"http:\/\/www.levisurbain.ca\/?p=11009","title":{"rendered":"L\u00e9vis met en place un comit\u00e9 pour l&rsquo;am\u00e9lioration du transport en commun"},"content":{"rendered":"<p>Article de Rapha\u00ebl Lavoie. <a href=\"http:\/\/www.journaldelevis.com\/\" target=\"_blank\" rel=\"noopener noreferrer\">Le Journal de L\u00e9vis<\/a>.<\/p>\n<blockquote><p><strong>Un peu moins d&rsquo;une semaine apr\u00e8s avoir abandonn\u00e9 le projet de SRB, la Ville de L\u00e9vis a officialis\u00e9 ce soir la mise en place d&rsquo;un comit\u00e9 qui se penchera sur l&rsquo;am\u00e9lioration du transport en commun sur son territoire au cours de la prochaine ann\u00e9e.<\/strong><\/p>\n<p>\u00ab On n&rsquo;a pas l&rsquo;intention de rester les bras crois\u00e9s. On est convaincu qu&rsquo;il faut quand m\u00eame am\u00e9liorer le transport en commun, mais on va y aller de fa\u00e7on beaucoup plus modeste \u00bb, a expliqu\u00e9 en marge de la s\u00e9ance du conseil municipal le maire de L\u00e9vis, Gilles Lehouillier.<\/p>\n<p>Ce faisant, le comit\u00e9, form\u00e9 notamment du pr\u00e9sident de la Soci\u00e9t\u00e9 de transport de L\u00e9vis (STL\u00e9vis), Michel Patry, de membres du conseil et du directeur g\u00e9n\u00e9ral de la Ville, Simon Rousseau, aura pour but de \u00ab finaliser et d&rsquo;acc\u00e9l\u00e9rer \u00bb des projets de transport en commun qui pourront \u00ab d\u00e9congestionner le r\u00e9seau routier de L\u00e9vis \u00e0 court terme \u00bb.<\/p>\n<p>Le groupe devra par ailleurs \u00e9galement veiller \u00e0 ce que L\u00e9vis obtienne sa \u00ab juste part \u00bb en mati\u00e8re d&rsquo;investissements gouvernementaux pour le transport collectif.<!--more--><\/p>\n<p><a name=\"more\"><\/a><strong>Miser sur les voies r\u00e9serv\u00e9es<\/strong><br \/>\nSelon M. Lehouillier, la Ville compte prioriser par le biais de ce comit\u00e9 un projet \u00ab sobre \u00bb qui misera majoritairement sur des autobus articul\u00e9s et des voies r\u00e9serv\u00e9es, notamment sur le boulevard Guillaume-Couture et la route des Rivi\u00e8res.<\/p>\n<p>\u00ab On va \u00eatre capable de passer en mode action extr\u00eamement rapidement. Il n&rsquo;y a pas de contraintes, je n&rsquo;ai pas de travaux d&rsquo;aqueduc majeurs [\u00e0 effectuer] \u00bb, a-t-il\u00a0plaid\u00e9, soulignant que le projet serait beaucoup plus facile \u00e0 implanter sur le r\u00e9seau routier l\u00e9visien qu&rsquo;un SRB.<\/p>\n<p>Un tel plan pourrait alors \u00eatre mis en \u0153uvre d\u00e8s 2018 ou 2019, estime le premier magistrat.<\/p>\n<p>Quant \u00e0 la relation \u00ab post-SRB \u00bb avec Qu\u00e9bec, Gilles Lehouillier se dit toujours pr\u00eat \u00e0 travailler avec la capitale nationale pour une interconnexion prochaine des r\u00e9seaux de transport en commun, et ce, malgr\u00e9 les tensions r\u00e9centes entre les deux mairies.<\/p>\n<p>\u00ab On offre toujours notre collaboration pleine et enti\u00e8re, mais vous allez comprendre qu&rsquo;il faut qu&rsquo;on ait aussi un projet qui r\u00e9pond aux attentes de notre population et qui est logique par rapport \u00e0 notre capacit\u00e9 de payer. [\u2026] Les grands dossiers am\u00e8nent toujours leur lot de tensions. \u00c7a fait partie de la game. Alors, il faut \u00eatre capable de vivre avec \u00e7a \u00bb, a soutenu l&rsquo;\u00e9lu municipal.<\/p>\n<p>Le comit\u00e9 mis en place ce soir devrait d\u00e9poser un projet concret d&rsquo;am\u00e9lioration du transport en commun \u00e0 L\u00e9vis d&rsquo;ici la fin de 2017. Celui-ci sera ensuite soumis au gouvernement provincial afin d&rsquo;obtenir du financement pour le r\u00e9aliser.<\/p><\/blockquote>\n<p><a href=\"http:\/\/www.journaldelevis.com\/\" target=\"_blank\" rel=\"noopener noreferrer\"><img decoding=\"async\" src=\"http:\/\/www.levisurbain.ca\/wp-content\/uploads\/2017\/04\/jdl_logo2012.png\" alt=\"\" \/><\/a><br \/>\nReproduit avec autorisation.<\/p>\n","protected":false},"excerpt":{"rendered":"<p>Article de Rapha\u00ebl Lavoie. Le Journal de L\u00e9vis. Un peu moins d&rsquo;une semaine apr\u00e8s avoir abandonn\u00e9 le projet de SRB, la Ville de L\u00e9vis a officialis\u00e9 ce soir la mise en place d&rsquo;un comit\u00e9 qui se penchera sur l&rsquo;am\u00e9lioration du transport en commun sur son territoire au cours de la prochaine ann\u00e9e. \u00ab On n&rsquo;a\u2026 <span class=\"read-more\"><a href=\"http:\/\/www.levisurbain.ca\/?p=11009\">Lire la suite &raquo;<\/a><\/span><\/p>\n","protected":false},"author":5,"featured_media":0,"comment_status":"open","ping_status":"open","sticky":false,"template":"","format":"standard","meta":{"footnotes":""},"categories":[65,60],"tags":[64],"class_list":["post-11009","post","type-post","status-publish","format-standard","hentry","category-gouvernement","category-transports","tag-stlevis"],"_links":{"self":[{"href":"http:\/\/www.levisurbain.ca\/index.php?rest_route=\/wp\/v2\/posts\/11009","targetHints":{"allow":["GET"]}}],"collection":[{"href":"http:\/\/www.levisurbain.ca\/index.php?rest_route=\/wp\/v2\/posts"}],"about":[{"href":"http:\/\/www.levisurbain.ca\/index.php?rest_route=\/wp\/v2\/types\/post"}],"author":[{"embeddable":true,"href":"http:\/\/www.levisurbain.ca\/index.php?rest_route=\/wp\/v2\/users\/5"}],"replies":[{"embeddable":true,"href":"http:\/\/www.levisurbain.ca\/index.php?rest_route=%2Fwp%2Fv2%2Fcomments&post=11009"}],"version-history":[{"count":0,"href":"http:\/\/www.levisurbain.ca\/index.php?rest_route=\/wp\/v2\/posts\/11009\/revisions"}],"wp:attachment":[{"href":"http:\/\/www.levisurbain.ca\/index.php?rest_route=%2Fwp%2Fv2%2Fmedia&parent=11009"}],"wp:term":[{"taxonomy":"category","embeddable":true,"href":"http:\/\/www.levisurbain.ca\/index.php?rest_route=%2Fwp%2Fv2%2Fcategories&post=11009"},{"taxonomy":"post_tag","embeddable":true,"href":"http:\/\/www.levisurbain.ca\/index.php?rest_route=%2Fwp%2Fv2%2Ftags&post=11009"}],"curies":[{"name":"wp","href":"https:\/\/api.w.org\/{rel}","templated":true}]}}